{"id":8453,"date":"2017-04-28T11:13:52","date_gmt":"2017-04-28T09:13:52","guid":{"rendered":"https:\/\/www.sitem.fr\/?p=8453"},"modified":"2018-10-08T17:25:12","modified_gmt":"2018-10-08T15:25:12","slug":"la-fabrique-creative-mur-memoriel-hommage-tunneliers-neo-zelandais-centenaire-bataille-arras","status":"publish","type":"post","link":"https:\/\/www.sitem.fr\/en\/la-fabrique-creative-mur-memoriel-hommage-tunneliers-neo-zelandais-centenaire-bataille-arras\/","title":{"rendered":"La fabrique cr\u00e9ative livre un mur m\u00e9moriel, hommage aux tunneliers n\u00e9o-z\u00e9landais, \u00e0 l\u2019occasion du centenaire de la bataille d\u2019Arras"},"content":{"rendered":"<p style=\"text-align: justify;\">Des ann\u00e9es de recherches historiques effectu\u00e9es par l\u2019<span style=\"color: #0000ff;\"><a style=\"color: #0000ff;\" href=\"http:\/\/www.explorearras.com\/\" target=\"_blank\">office de tourisme d\u2019Arras<\/a><\/span>, les liens \u00e9tablis avec la Nouvelle-Z\u00e9lande et les familles des descendants, ont permis de rassembler de nombreuses archives ainsi que des photographies de tunneliers n\u00e9o-z\u00e9landais qui ont travaill\u00e9 dans les anciennes carri\u00e8res de craie arrageoises entre 1916 et 1917.<br \/>\n<strong>La fabrique cr\u00e9ative<\/strong> a con\u00e7u, \u00e0 partir de ces documents, un mur m\u00e9moriel pour rendre hommage \u00e0 ces hommes.<br \/>\nCette installation, visuelle, sonore et lumineuse, est une extension du m\u00e9morial de la bataille d\u2019Arras, projet r\u00e9alis\u00e9 il y a bient\u00f4t 10 ans par Philippe Noir et Henri Joaquim. Elle pr\u00e9sente plus de 150 portraits et ins\u00e8re en son c\u0153ur une bande sonore compos\u00e9e de lectures de lettres et t\u00e9moignages, en fran\u00e7ais, anglais et maori. \u00c0 la tomb\u00e9e de la nuit, ce mur s\u2019anime d\u2019une partition lumineuse, douce et harmonieuse. Cette mosa\u00efque de portraits est une v\u00e9ritable rencontre entre les visiteurs d\u2019aujourd\u2019hui et les tunneliers qui ont marqu\u00e9 \u00e0 jamais l\u2019histoire d&#8217;Arras.<\/p>\n<div id=\"attachment_8386\" style=\"width: 810px\" class=\"wp-caption aligncenter\"><a href=\"https:\/\/www.sitem.fr\/wp-content\/uploads\/2017\/04\/Arras-MuseuExpert-800px.jpg\"><img loading=\"lazy\" decoding=\"async\" aria-describedby=\"caption-attachment-8386\" class=\"size-full wp-image-8386\" src=\"https:\/\/www.sitem.fr\/wp-content\/uploads\/2017\/04\/Arras-MuseuExpert-800px.jpg\" alt=\"La fabrique cr\u00e9ative, mur m\u00e9moriel hommage aux tunneliers n\u00e9o-z\u00e9landais r\u00e9alis\u00e9 \u00e0 l\u2019occasion du centenaire de la bataille d\u2019Arras. \u00a9La fabrique cr\u00e9ative\" width=\"800\" height=\"263\" srcset=\"https:\/\/www.sitem.fr\/wp-content\/uploads\/2017\/04\/Arras-MuseuExpert-800px.jpg 800w, https:\/\/www.sitem.fr\/wp-content\/uploads\/2017\/04\/Arras-MuseuExpert-800px-600x197.jpg 600w, https:\/\/www.sitem.fr\/wp-content\/uploads\/2017\/04\/Arras-MuseuExpert-800px-300x99.jpg 300w, https:\/\/www.sitem.fr\/wp-content\/uploads\/2017\/04\/Arras-MuseuExpert-800px-768x252.jpg 768w\" sizes=\"auto, (max-width: 800px) 100vw, 800px\" \/><\/a><p id=\"caption-attachment-8386\" class=\"wp-caption-text\">La fabrique cr\u00e9ative, mur m\u00e9moriel hommage aux tunneliers n\u00e9o-z\u00e9landais, M\u00e9morial de la bataille d\u2019Arras. \u00a9La fabrique cr\u00e9ative<\/p><\/div>\n<p style=\"text-align: justify;\">\nMa\u00eetre d&#8217;ouvrage : Office de tourisme d\u2019Arras<br \/>\nCommissariat : Isabelle Pilarowski et Laurence Mortier<br \/>\nR\u00e9alisation : D\u00e9corama, Sim&amp;Sam et Novelty<\/p>\n<p style=\"text-align: justify;\">www.la-fabrique-creative.fr et sur <a href=\"https:\/\/www.facebook.com\/La-fabrique-cr%C3%A9ative-267993320032069\/\" target=\"_blank\">Facebook<\/a><\/p>\n<p style=\"text-align: justify;\"><strong>Consultez la <a href=\"http:\/\/www.museumexperts.com\/nos_services\/annuaire\/prestataire\/2399\" target=\"_blank\">Fiche Annuaire<\/a> de LA FABRIQUE CR\u00c9ATIVE <\/strong><\/p>\n","protected":false},"excerpt":{"rendered":"Des ann\u00e9es de recherches historiques effectu\u00e9es par l\u2019office de tourisme d\u2019Arras, les liens \u00e9tablis avec la Nouvelle-Z\u00e9lande et les familles des descendants, ont permis de rassembler de nombreuses archives ainsi que des photographies de tunneliers n\u00e9o-z\u00e9landais qui ont travaill\u00e9 dans les anciennes carri\u00e8res de craie arrageoises entre 1916 et 1917. La fabrique cr\u00e9ative a con\u00e7u,&#8230; <br><a class=\"readm\" href=\"https:\/\/www.sitem.fr\/en\/la-fabrique-creative-mur-memoriel-hommage-tunneliers-neo-zelandais-centenaire-bataille-arras\/\">Read more<\/a>","protected":false},"author":2,"featured_media":8421,"comment_status":"open","ping_status":"open","sticky":false,"template":"","format":"standard","meta":{"_acf_changed":false,"footnotes":""},"categories":[1],"tags":[44],"class_list":["post-8453","post","type-post","status-publish","format-standard","has-post-thumbnail","hentry","category-non-classifiee","tag-la-fabrique-creative"],"acf":[],"_links":{"self":[{"href":"https:\/\/www.sitem.fr\/en\/wp-json\/wp\/v2\/posts\/8453","targetHints":{"allow":["GET"]}}],"collection":[{"href":"https:\/\/www.sitem.fr\/en\/wp-json\/wp\/v2\/posts"}],"about":[{"href":"https:\/\/www.sitem.fr\/en\/wp-json\/wp\/v2\/types\/post"}],"author":[{"embeddable":true,"href":"https:\/\/www.sitem.fr\/en\/wp-json\/wp\/v2\/users\/2"}],"replies":[{"embeddable":true,"href":"https:\/\/www.sitem.fr\/en\/wp-json\/wp\/v2\/comments?post=8453"}],"version-history":[{"count":2,"href":"https:\/\/www.sitem.fr\/en\/wp-json\/wp\/v2\/posts\/8453\/revisions"}],"predecessor-version":[{"id":10840,"href":"https:\/\/www.sitem.fr\/en\/wp-json\/wp\/v2\/posts\/8453\/revisions\/10840"}],"wp:featuredmedia":[{"embeddable":true,"href":"https:\/\/www.sitem.fr\/en\/wp-json\/wp\/v2\/media\/8421"}],"wp:attachment":[{"href":"https:\/\/www.sitem.fr\/en\/wp-json\/wp\/v2\/media?parent=8453"}],"wp:term":[{"taxonomy":"category","embeddable":true,"href":"https:\/\/www.sitem.fr\/en\/wp-json\/wp\/v2\/categories?post=8453"},{"taxonomy":"post_tag","embeddable":true,"href":"https:\/\/www.sitem.fr\/en\/wp-json\/wp\/v2\/tags?post=8453"}],"curies":[{"name":"wp","href":"https:\/\/api.w.org\/{rel}","templated":true}]}}