{"id":8721,"date":"2017-06-22T10:18:04","date_gmt":"2017-06-22T08:18:04","guid":{"rendered":"https:\/\/www.sitem.fr\/?p=8721"},"modified":"2017-06-22T12:32:06","modified_gmt":"2017-06-22T10:32:06","slug":"acces-libres-tour-france-former","status":"publish","type":"post","link":"https:\/\/www.sitem.fr\/en\/acces-libres-tour-france-former\/","title":{"rendered":"Acc\u00e8s Libres fait le tour de France pour ses formations\u00a0en accessibilit\u00e9"},"content":{"rendered":"<p style=\"text-align: justify;\">Du nord au sud en passant par le grand ouest, les formateurs de l\u2019<strong>Agence Acc\u00e8s Libres<\/strong> se d\u00e9placent partout\u00a0!<br \/>\nC\u2019est la formation sur l\u2019approche descriptive et tactile qui a \u00e9t\u00e9 pl\u00e9biscit\u00e9e ces derniers temps, adapt\u00e9e \u00e0 chaque cas\u00a0: formation des m\u00e9diateurs de la m\u00e9tropole d\u2019Amiens et des m\u00e9diateurs du mus\u00e9e des beaux-arts de Nantes (ouverture fin juin)\u00a0; formation de l\u2019\u00e9quipe d\u2019Accessud \u00e0 Perpignan. Cette derni\u00e8re formation \u00e9tait sous forme d\u2019\u00e9changes de bonnes pratiques puisque les formateurs d&#8217;<strong>Acc\u00e8s Libres<\/strong> ont \u00e9t\u00e9 eux-m\u00eames form\u00e9s par Accessud sur le th\u00e8me \u00ab\u00a0communiquer sur son offre adapt\u00e9e\u00a0\u00bb.<\/p>\n<div id=\"attachment_8649\" style=\"width: 363px\" class=\"wp-caption aligncenter\"><a href=\"https:\/\/www.sitem.fr\/wp-content\/uploads\/2017\/06\/SAM_4043.jpg\"><img loading=\"lazy\" decoding=\"async\" aria-describedby=\"caption-attachment-8649\" class=\" wp-image-8649\" src=\"https:\/\/www.sitem.fr\/wp-content\/uploads\/2017\/06\/SAM_4043.jpg\" alt=\"&quot;Guider la d\u00e9couverte tactile d\u2019une \u0153uvre&quot; au centre de sculpture romane, Cabestany (66). \u00a9Mathilde Jolivet-Martin\" width=\"353\" height=\"270\" \/><\/a><p id=\"caption-attachment-8649\" class=\"wp-caption-text\">&#8220;Guider la d\u00e9couverte tactile d\u2019une \u0153uvre&#8221; au centre de sculpture romane, Cabestany (66). \u00a9Mathilde Jolivet-Martin<\/p><\/div>\n<div id=\"attachment_8648\" style=\"width: 366px\" class=\"wp-caption aligncenter\"><a href=\"https:\/\/www.sitem.fr\/wp-content\/uploads\/2017\/06\/SAM_4042.jpg\"><img loading=\"lazy\" decoding=\"async\" aria-describedby=\"caption-attachment-8648\" class=\" wp-image-8648\" src=\"https:\/\/www.sitem.fr\/wp-content\/uploads\/2017\/06\/SAM_4042.jpg\" alt=\"&quot;Guider la d\u00e9couverte tactile d\u2019une \u0153uvre&quot; au centre de sculpture romane, Cabestany (66). \u00a9Mathilde Jolivet-Martin\" width=\"356\" height=\"333\" srcset=\"https:\/\/www.sitem.fr\/wp-content\/uploads\/2017\/06\/SAM_4042.jpg 800w, https:\/\/www.sitem.fr\/wp-content\/uploads\/2017\/06\/SAM_4042-600x560.jpg 600w, https:\/\/www.sitem.fr\/wp-content\/uploads\/2017\/06\/SAM_4042-300x280.jpg 300w, https:\/\/www.sitem.fr\/wp-content\/uploads\/2017\/06\/SAM_4042-768x717.jpg 768w\" sizes=\"auto, (max-width: 356px) 100vw, 356px\" \/><\/a><p id=\"caption-attachment-8648\" class=\"wp-caption-text\">&#8220;Guider la d\u00e9couverte tactile d\u2019une \u0153uvre&#8221; au centre de sculpture romane, Cabestany (66). \u00a9Mathilde Jolivet-Martin<\/p><\/div>\n<h2 style=\"text-align: justify;\"><strong>Nouvelle mission \u00e0 la Fondation Louis Vuitton<\/strong><\/h2>\n<p style=\"text-align: justify;\">La Fondation renouvelle la confiance qu&#8217;elle porte \u00e0 <strong>Acc\u00e8s Libres<\/strong> pour un nouveau projet de suivi de l\u2019accessibilit\u00e9 de ses services sur l\u2019ann\u00e9e 2017\/2018.<br \/>\nL&#8217;occasion pour l&#8217;agence <strong>Acc\u00e8s Libres<\/strong> de fr\u00e9quenter r\u00e9guli\u00e8rement le b\u00e2timent pens\u00e9 et con\u00e7u par Frank Gehry en bordure du Bois de Boulogne et du Jardin d&#8217;Acclimatation.<\/p>\n<div id=\"attachment_8647\" style=\"width: 417px\" class=\"wp-caption aligncenter\"><a href=\"https:\/\/www.sitem.fr\/wp-content\/uploads\/2017\/06\/FLV_VUE_EXT.jpg\"><img loading=\"lazy\" decoding=\"async\" aria-describedby=\"caption-attachment-8647\" class=\" wp-image-8647\" src=\"https:\/\/www.sitem.fr\/wp-content\/uploads\/2017\/06\/FLV_VUE_EXT.jpg\" alt=\"La Fondation Louis Vuitton. \u00a9Mathilde Jolivet-Martin\" width=\"407\" height=\"374\" srcset=\"https:\/\/www.sitem.fr\/wp-content\/uploads\/2017\/06\/FLV_VUE_EXT.jpg 800w, https:\/\/www.sitem.fr\/wp-content\/uploads\/2017\/06\/FLV_VUE_EXT-600x551.jpg 600w, https:\/\/www.sitem.fr\/wp-content\/uploads\/2017\/06\/FLV_VUE_EXT-300x275.jpg 300w, https:\/\/www.sitem.fr\/wp-content\/uploads\/2017\/06\/FLV_VUE_EXT-768x705.jpg 768w\" sizes=\"auto, (max-width: 407px) 100vw, 407px\" \/><\/a><p id=\"caption-attachment-8647\" class=\"wp-caption-text\">La Fondation Louis Vuitton. \u00a9Mathilde Jolivet-Martin<\/p><\/div>\n<h2 style=\"text-align: justify;\"><strong>Mise en place des outils pour l\u2019accessibilit\u00e9, Familist\u00e8re de Guise<\/strong><\/h2>\n<p style=\"text-align: justify;\">Il s&#8217;agit du GROS projet de l\u2019ann\u00e9e pour l&#8217;agence <strong>Acc\u00e8s Libres<\/strong>, qui en est tr\u00e8s fi\u00e8re (voir \u00e0 ce sujet l&#8217;actualit\u00e9 du mois de novembre <span style=\"color: #0000ff;\"><a style=\"color: #0000ff;\" href=\"https:\/\/www.sitem.fr\/agence-acces-libres-suze-rousse-familistere-de-guise\/\" target=\"_blank\">ici<\/a><\/span>). Les outils con\u00e7us pour l\u2019accessibilit\u00e9 du Familist\u00e8re de Guise voient progressivement le jour et seront install\u00e9s sur site avant la fin juillet.<br \/>\nL&#8217;agence <strong>Acc\u00e8s Libres<\/strong> d\u00e9voilera les conclusions de cette mission dans les actualit\u00e9s de la rentr\u00e9e de septembre&#8230;<\/p>\n<p style=\"text-align: justify;\"><a href=\"http:\/\/www.agenceacceslibres.fr\/\" target=\"_blank\">www.agenceacceslibres.fr<\/a><\/p>\n<p style=\"text-align: justify;\"><strong>Consultez la <a href=\"http:\/\/www.museumexperts.com\/nos_services\/annuaire\/prestataire\/4661\" target=\"_blank\">Fiche Annuaire<\/a> de l&#8217;AGENCE ACCES LIBRES<\/strong><\/p>\n","protected":false},"excerpt":{"rendered":"Du nord au sud en passant par le grand ouest, les formateurs de l\u2019Agence Acc\u00e8s Libres se d\u00e9placent partout\u00a0! C\u2019est la formation sur l\u2019approche descriptive et tactile qui a \u00e9t\u00e9 pl\u00e9biscit\u00e9e ces derniers temps, adapt\u00e9e \u00e0 chaque cas\u00a0: formation des m\u00e9diateurs de la m\u00e9tropole d\u2019Amiens et des m\u00e9diateurs du mus\u00e9e des beaux-arts de Nantes (ouverture&#8230; <br><a class=\"readm\" href=\"https:\/\/www.sitem.fr\/en\/acces-libres-tour-france-former\/\">Read more<\/a>","protected":false},"author":2,"featured_media":8649,"comment_status":"open","ping_status":"open","sticky":false,"template":"","format":"standard","meta":{"_acf_changed":false,"footnotes":""},"categories":[87],"tags":[475],"class_list":["post-8721","post","type-post","status-publish","format-standard","has-post-thumbnail","hentry","category-accessibilite","tag-agence-acces-libres"],"acf":[],"_links":{"self":[{"href":"https:\/\/www.sitem.fr\/en\/wp-json\/wp\/v2\/posts\/8721","targetHints":{"allow":["GET"]}}],"collection":[{"href":"https:\/\/www.sitem.fr\/en\/wp-json\/wp\/v2\/posts"}],"about":[{"href":"https:\/\/www.sitem.fr\/en\/wp-json\/wp\/v2\/types\/post"}],"author":[{"embeddable":true,"href":"https:\/\/www.sitem.fr\/en\/wp-json\/wp\/v2\/users\/2"}],"replies":[{"embeddable":true,"href":"https:\/\/www.sitem.fr\/en\/wp-json\/wp\/v2\/comments?post=8721"}],"version-history":[{"count":3,"href":"https:\/\/www.sitem.fr\/en\/wp-json\/wp\/v2\/posts\/8721\/revisions"}],"predecessor-version":[{"id":8798,"href":"https:\/\/www.sitem.fr\/en\/wp-json\/wp\/v2\/posts\/8721\/revisions\/8798"}],"wp:featuredmedia":[{"embeddable":true,"href":"https:\/\/www.sitem.fr\/en\/wp-json\/wp\/v2\/media\/8649"}],"wp:attachment":[{"href":"https:\/\/www.sitem.fr\/en\/wp-json\/wp\/v2\/media?parent=8721"}],"wp:term":[{"taxonomy":"category","embeddable":true,"href":"https:\/\/www.sitem.fr\/en\/wp-json\/wp\/v2\/categories?post=8721"},{"taxonomy":"post_tag","embeddable":true,"href":"https:\/\/www.sitem.fr\/en\/wp-json\/wp\/v2\/tags?post=8721"}],"curies":[{"name":"wp","href":"https:\/\/api.w.org\/{rel}","templated":true}]}}