{"id":8767,"date":"2017-06-22T10:13:45","date_gmt":"2017-06-22T08:13:45","guid":{"rendered":"https:\/\/www.sitem.fr\/?p=8767"},"modified":"2018-10-08T17:25:14","modified_gmt":"2018-10-08T15:25:14","slug":"fabrique-creative-exposition-coup-de-foudre-centre-historique-minier-lewarde","status":"publish","type":"post","link":"https:\/\/www.sitem.fr\/en\/fabrique-creative-exposition-coup-de-foudre-centre-historique-minier-lewarde\/","title":{"rendered":"La fabrique cr\u00e9ative livre l&#8217;exposition \u00ab Coup de Foudre : la merveilleuse histoire de l\u2019\u00e9lectricit\u00e9 \u00bb, pour le Centre Historique Minier de Lewarde"},"content":{"rendered":"<p style=\"text-align: justify;\"><a href=\"https:\/\/www.sitem.fr\/wp-content\/uploads\/2017\/06\/Lewarde-MuseuExpert-6015-3.jpg\"><img loading=\"lazy\" decoding=\"async\" class=\"aligncenter size-full wp-image-8688\" src=\"https:\/\/www.sitem.fr\/wp-content\/uploads\/2017\/06\/Lewarde-MuseuExpert-6015-3.jpg\" alt=\"La fabrique cr\u00e9ative , exposition \u00ab Coup de Foudre : la merveilleuse histoire de l\u2019\u00e9lectricit\u00e9 \u00bb, Centre Historique Minier de Lewarde\" width=\"3543\" height=\"886\" \/><\/a>L\u2019exposition \u00ab\u00a0<a href=\"http:\/\/www.chm-lewarde.com\/fr\/coup-de-foudre-merveilleuse-histoire-de-lelectricite\/\" target=\"_blank\">Coup de foudre<\/a>\u00a0\u00bb retrace la merveilleuse aventure de l\u2019\u00e9lectricit\u00e9, de la foudre, manifestation spectaculaire, productrice de mythes, jusqu\u2019\u00e0 sa domestication au 19e si\u00e8cle. La sc\u00e9nographie tisse sa toile et se d\u00e9ploie par l\u2019interm\u00e9diaire d\u2019un r\u00e9seau en trames superpos\u00e9es denses ou l\u00e9g\u00e8res, qui irradient jusqu\u2019en p\u00e9riph\u00e9rie de salle permettant l\u2019exposition des diff\u00e9rents contenus (archives, objets industriels, \u0153uvres picturales et en volume\u2026).<br \/>\nLa lumi\u00e8re joue \u00e9videmment un r\u00f4le pr\u00e9pond\u00e9rant dans le projet, que ce soit pour \u00e9clairer de mani\u00e8re fonctionnelle les contenus ou pour apporter surprise et \u00e9tonnement, tout au long du parcours, par l\u2019interm\u00e9diaire d\u2019une lumi\u00e8re ambr\u00e9e vacillante, d\u2019une projection d\u2019\u00e9clair furtif ou encore d\u2019une lampe \u00e0 filament marquage signal\u00e9tique.<\/p>\n<p style=\"text-align: justify;\">Exposition pr\u00e9sent\u00e9e du 29 mai au 31 d\u00e9cembre 2017, Centre Historique Minier de Lewarde.<\/p>\n<p style=\"text-align: justify;\">Ma\u00eetre d&#8217;ouvrage : EPCC CHM<br \/>\nSc\u00e9nographie, graphisme d&#8217;exposition et de communication : La Fabrique Cr\u00e9ative<\/p>\n<p style=\"text-align: justify;\">www.la-fabrique-creative.fr et sur <a href=\"https:\/\/www.facebook.com\/La-fabrique-cr%C3%A9ative-267993320032069\/\" target=\"_blank\">Facebook<\/a><\/p>\n<p style=\"text-align: justify;\"><strong>Consultez la <a href=\"http:\/\/www.museumexperts.com\/nos_services\/annuaire\/prestataire\/2399\" target=\"_blank\">Fiche Annuaire<\/a> de LA FABRIQUE CR\u00c9ATIVE <\/strong><\/p>\n","protected":false},"excerpt":{"rendered":"L\u2019exposition \u00ab\u00a0Coup de foudre\u00a0\u00bb retrace la merveilleuse aventure de l\u2019\u00e9lectricit\u00e9, de la foudre, manifestation spectaculaire, productrice de mythes, jusqu\u2019\u00e0 sa domestication au 19e si\u00e8cle. La sc\u00e9nographie tisse sa toile et se d\u00e9ploie par l\u2019interm\u00e9diaire d\u2019un r\u00e9seau en trames superpos\u00e9es denses ou l\u00e9g\u00e8res, qui irradient jusqu\u2019en p\u00e9riph\u00e9rie de salle permettant l\u2019exposition des diff\u00e9rents contenus (archives, objets&#8230; <br><a class=\"readm\" href=\"https:\/\/www.sitem.fr\/en\/fabrique-creative-exposition-coup-de-foudre-centre-historique-minier-lewarde\/\">Read more<\/a>","protected":false},"author":2,"featured_media":8768,"comment_status":"open","ping_status":"open","sticky":false,"template":"","format":"standard","meta":{"_acf_changed":false,"footnotes":""},"categories":[1],"tags":[44],"class_list":["post-8767","post","type-post","status-publish","format-standard","has-post-thumbnail","hentry","category-non-classifiee","tag-la-fabrique-creative"],"acf":[],"_links":{"self":[{"href":"https:\/\/www.sitem.fr\/en\/wp-json\/wp\/v2\/posts\/8767","targetHints":{"allow":["GET"]}}],"collection":[{"href":"https:\/\/www.sitem.fr\/en\/wp-json\/wp\/v2\/posts"}],"about":[{"href":"https:\/\/www.sitem.fr\/en\/wp-json\/wp\/v2\/types\/post"}],"author":[{"embeddable":true,"href":"https:\/\/www.sitem.fr\/en\/wp-json\/wp\/v2\/users\/2"}],"replies":[{"embeddable":true,"href":"https:\/\/www.sitem.fr\/en\/wp-json\/wp\/v2\/comments?post=8767"}],"version-history":[{"count":2,"href":"https:\/\/www.sitem.fr\/en\/wp-json\/wp\/v2\/posts\/8767\/revisions"}],"predecessor-version":[{"id":10842,"href":"https:\/\/www.sitem.fr\/en\/wp-json\/wp\/v2\/posts\/8767\/revisions\/10842"}],"wp:featuredmedia":[{"embeddable":true,"href":"https:\/\/www.sitem.fr\/en\/wp-json\/wp\/v2\/media\/8768"}],"wp:attachment":[{"href":"https:\/\/www.sitem.fr\/en\/wp-json\/wp\/v2\/media?parent=8767"}],"wp:term":[{"taxonomy":"category","embeddable":true,"href":"https:\/\/www.sitem.fr\/en\/wp-json\/wp\/v2\/categories?post=8767"},{"taxonomy":"post_tag","embeddable":true,"href":"https:\/\/www.sitem.fr\/en\/wp-json\/wp\/v2\/tags?post=8767"}],"curies":[{"name":"wp","href":"https:\/\/api.w.org\/{rel}","templated":true}]}}