{"id":8785,"date":"2017-06-22T10:22:35","date_gmt":"2017-06-22T08:22:35","guid":{"rendered":"https:\/\/www.sitem.fr\/?p=8785"},"modified":"2017-06-22T12:33:29","modified_gmt":"2017-06-22T10:33:29","slug":"wivi-inaugure-musee-mediatheque-charles-leandre","status":"publish","type":"post","link":"https:\/\/www.sitem.fr\/en\/wivi-inaugure-musee-mediatheque-charles-leandre\/","title":{"rendered":"Le Wivi inaugur\u00e9 au mus\u00e9e et m\u00e9diath\u00e8que Charles L\u00e9andre \u00a0"},"content":{"rendered":"<p style=\"text-align: justify;\">Le 10 juin, L\u2019Atelier (mus\u00e9e Charles L\u00e9andre et m\u00e9diath\u00e8que) de Cond\u00e9-sur-Noireau f\u00eatait ses 10 ans et inaugurait en parall\u00e8le la mise en place du <strong>Wivi<\/strong> au sein de son \u00e9tablissement.<\/p>\n<div id=\"attachment_8714\" style=\"width: 468px\" class=\"wp-caption aligncenter\"><a href=\"https:\/\/www.sitem.fr\/wp-content\/uploads\/2017\/06\/inauguration.jpg\"><img loading=\"lazy\" decoding=\"async\" aria-describedby=\"caption-attachment-8714\" class=\" wp-image-8714\" src=\"https:\/\/www.sitem.fr\/wp-content\/uploads\/2017\/06\/inauguration.jpg\" alt=\"Inauguration du Wivi \u00e0 L\u2019Atelier (mus\u00e9e Charles L\u00e9andre et m\u00e9diath\u00e8que) de Cond\u00e9-sur-Noireau. \u00a9Twelve Solutions\" width=\"458\" height=\"227\" \/><\/a><p id=\"caption-attachment-8714\" class=\"wp-caption-text\">Inauguration du Wivi \u00e0 L\u2019Atelier (mus\u00e9e Charles L\u00e9andre et m\u00e9diath\u00e8que) de Cond\u00e9-sur-Noireau. \u00a9Twelve Solutions<\/p><\/div>\n<p style=\"text-align: justify;\">Les visiteurs pouvaient parcourir l\u2019Atelier \u00e0 l\u2019aide de leur smartphone ou des tablettes mises \u00e0 disposition.<br \/>\nLe mus\u00e9e a par ailleurs d\u00e9voil\u00e9 les r\u00e9sultats du concours en partenariat avec <strong>Twelve Solutions<\/strong> auquel les \u00e9l\u00e8ves du Lyc\u00e9e Charles Tellier ont particip\u00e9. Il avait pour objet la proposition de nouveau modes de visites par le biais d\u2019outils num\u00e9riques. Les laur\u00e9ats ont remport\u00e9 une tablette offerte par la commune.<\/p>\n<p style=\"text-align: justify;\">Gr\u00e2ce au syst\u00e8me <strong>Wivi<\/strong>, le visiteur acc\u00e8de d\u00e9sormais \u00e0 l\u2019audioguide du mus\u00e9e sur son smartphone, sans t\u00e9l\u00e9chargement d\u2019application. Des commentaires plus d\u00e9taill\u00e9s sont \u00e9galement disponibles afin de compl\u00e9ter l\u2019information.<\/p>\n<div id=\"attachment_8715\" style=\"width: 810px\" class=\"wp-caption aligncenter\"><a href=\"https:\/\/www.sitem.fr\/wp-content\/uploads\/2017\/06\/iphone-mediatheque.jpg\"><img loading=\"lazy\" decoding=\"async\" aria-describedby=\"caption-attachment-8715\" class=\"size-full wp-image-8715\" src=\"https:\/\/www.sitem.fr\/wp-content\/uploads\/2017\/06\/iphone-mediatheque.jpg\" alt=\"Le Wivi sur Iphone dans la m\u00e9diath\u00e8que de Cond\u00e9-sur-Noireau. \u00a9Twelve Solutions\" width=\"800\" height=\"533\" srcset=\"https:\/\/www.sitem.fr\/wp-content\/uploads\/2017\/06\/iphone-mediatheque.jpg 800w, https:\/\/www.sitem.fr\/wp-content\/uploads\/2017\/06\/iphone-mediatheque-600x400.jpg 600w, https:\/\/www.sitem.fr\/wp-content\/uploads\/2017\/06\/iphone-mediatheque-660x440.jpg 660w, https:\/\/www.sitem.fr\/wp-content\/uploads\/2017\/06\/iphone-mediatheque-768x512.jpg 768w, https:\/\/www.sitem.fr\/wp-content\/uploads\/2017\/06\/iphone-mediatheque-300x200.jpg 300w\" sizes=\"auto, (max-width: 800px) 100vw, 800px\" \/><\/a><p id=\"caption-attachment-8715\" class=\"wp-caption-text\">Le Wivi sur Iphone dans la m\u00e9diath\u00e8que de Cond\u00e9-sur-Noireau. \u00a9Twelve Solutions<\/p><\/div>\n<p style=\"text-align: justify;\">Pour les enfants, le <strong>Wivi<\/strong> a permis de mettre en place des quizz sur les artistes et sur les oeuvres, ainsi que la reconstitution de tableaux par la r\u00e9solution de puzzles.<br \/>\nTout le contenu de l\u2019application a \u00e9t\u00e9 cr\u00e9\u00e9 et mis en ligne par l\u2019\u00e9quipe de l\u2019atelier.<\/p>\n<p style=\"text-align: justify;\">Gr\u00e2ce au back-office du <strong>Wivi<\/strong>, Marie-Pierre Lefevre, la conservatrice du mus\u00e9e, a pu assurer la mise en ligne de son contenu en autonomie : \u00e9dition des pages de l&#8217;application, \u00e9dition des plans, gestion des collections&#8230;<\/p>\n<p style=\"text-align: justify;\"><a href=\"http:\/\/twelve.solutions\" target=\"_blank\">twelve.solutions<\/a><\/p>\n<p style=\"text-align: justify;\"><strong>Consultez la <a href=\"http:\/\/www.museumexperts.com\/nos_services\/annuaire\/prestataire\/4784\" target=\"_blank\">Fiche Annuaire<\/a> de TWELVE SOLUTIONS <\/strong><\/p>\n","protected":false},"excerpt":{"rendered":"Le 10 juin, L\u2019Atelier (mus\u00e9e Charles L\u00e9andre et m\u00e9diath\u00e8que) de Cond\u00e9-sur-Noireau f\u00eatait ses 10 ans et inaugurait en parall\u00e8le la mise en place du Wivi au sein de son \u00e9tablissement. Les visiteurs pouvaient parcourir l\u2019Atelier \u00e0 l\u2019aide de leur smartphone ou des tablettes mises \u00e0 disposition. Le mus\u00e9e a par ailleurs d\u00e9voil\u00e9 les r\u00e9sultats du&#8230; <br><a class=\"readm\" href=\"https:\/\/www.sitem.fr\/en\/wivi-inaugure-musee-mediatheque-charles-leandre\/\">Read more<\/a>","protected":false},"author":2,"featured_media":8715,"comment_status":"open","ping_status":"open","sticky":false,"template":"","format":"standard","meta":{"_acf_changed":false,"footnotes":""},"categories":[149],"tags":[469],"class_list":["post-8785","post","type-post","status-publish","format-standard","has-post-thumbnail","hentry","category-interactivite-2","tag-twelve-solutions"],"acf":[],"_links":{"self":[{"href":"https:\/\/www.sitem.fr\/en\/wp-json\/wp\/v2\/posts\/8785","targetHints":{"allow":["GET"]}}],"collection":[{"href":"https:\/\/www.sitem.fr\/en\/wp-json\/wp\/v2\/posts"}],"about":[{"href":"https:\/\/www.sitem.fr\/en\/wp-json\/wp\/v2\/types\/post"}],"author":[{"embeddable":true,"href":"https:\/\/www.sitem.fr\/en\/wp-json\/wp\/v2\/users\/2"}],"replies":[{"embeddable":true,"href":"https:\/\/www.sitem.fr\/en\/wp-json\/wp\/v2\/comments?post=8785"}],"version-history":[{"count":2,"href":"https:\/\/www.sitem.fr\/en\/wp-json\/wp\/v2\/posts\/8785\/revisions"}],"predecessor-version":[{"id":8787,"href":"https:\/\/www.sitem.fr\/en\/wp-json\/wp\/v2\/posts\/8785\/revisions\/8787"}],"wp:featuredmedia":[{"embeddable":true,"href":"https:\/\/www.sitem.fr\/en\/wp-json\/wp\/v2\/media\/8715"}],"wp:attachment":[{"href":"https:\/\/www.sitem.fr\/en\/wp-json\/wp\/v2\/media?parent=8785"}],"wp:term":[{"taxonomy":"category","embeddable":true,"href":"https:\/\/www.sitem.fr\/en\/wp-json\/wp\/v2\/categories?post=8785"},{"taxonomy":"post_tag","embeddable":true,"href":"https:\/\/www.sitem.fr\/en\/wp-json\/wp\/v2\/tags?post=8785"}],"curies":[{"name":"wp","href":"https:\/\/api.w.org\/{rel}","templated":true}]}}