{"id":8871,"date":"2017-07-31T10:18:54","date_gmt":"2017-07-31T08:18:54","guid":{"rendered":"https:\/\/www.sitem.fr\/?p=8871"},"modified":"2017-08-02T17:19:53","modified_gmt":"2017-08-02T15:19:53","slug":"flora-musees-equipe-musee-allevard-communaute-communes-gresivaudan","status":"publish","type":"post","link":"https:\/\/www.sitem.fr\/en\/flora-musees-equipe-musee-allevard-communaute-communes-gresivaudan\/","title":{"rendered":"Flora Mus\u00e9es \u00e9quipe le mus\u00e9e d\u2019Allevard de la communaut\u00e9 de communes Le Gr\u00e9sivaudan"},"content":{"rendered":"<p style=\"text-align: justify;\">Le mus\u00e9e d\u2019Allevard, labellis\u00e9 Mus\u00e9e de France, t\u00e9moigne des activit\u00e9s industrielles, thermales, mais \u00e9galement du d\u00e9but des sports d&#8217;hiver dans la chaine de Belledonne. \u00c0 travers une riche collection compos\u00e9e de peintures, de photos, de gravures et de min\u00e9raux, le mus\u00e9e invite le public \u00e0 d\u00e9couvrir ce patrimoine tr\u00e8s riche. Cette collection pluridisciplinaire est d\u00e9sormais g\u00e9r\u00e9e par<strong> Flora Mus\u00e9es<\/strong>.<\/p>\n<p style=\"text-align: justify;\"><strong>Flora<\/strong> permet \u00e0 chaque mus\u00e9e, quelle que soit sa taille, de r\u00e9aliser son inventaire. L\u2019installation dans une petite structure, comme un mus\u00e9e municipal ou intercommunal, permet aux professionnels de mettre en \u0153uvre facilement un inventaire normalis\u00e9 de leurs collections. Gr\u00e2ce \u00e0 l\u2019int\u00e9gration des th\u00e9saurus fournis par le service des mus\u00e9es de France, il est possible de d\u00e9marrer l\u2019inventaire sans avoir \u00e0 affronter une base compl\u00e8tement vierge. La formation au logiciel et l\u2019accompagnement du changement permettent au responsable des collections de r\u00e9aliser son inventaire sereinement en \u00e9tant guid\u00e9 par le formateur de <strong>Decalog<\/strong>.<\/p>\n<div id=\"attachment_8821\" style=\"width: 810px\" class=\"wp-caption aligncenter\"><a href=\"https:\/\/www.sitem.fr\/wp-content\/uploads\/2017\/07\/1707_Flora_Muse\u0301es_Allevard.png\"><img loading=\"lazy\" decoding=\"async\" aria-describedby=\"caption-attachment-8821\" class=\"size-full wp-image-8821\" src=\"https:\/\/www.sitem.fr\/wp-content\/uploads\/2017\/07\/1707_Flora_Muse\u0301es_Allevard.png\" alt=\"Capture d'\u00e9cran Flora Mus\u00e9e - Mus\u00e9e d'Allevard\" width=\"800\" height=\"353\" srcset=\"https:\/\/www.sitem.fr\/wp-content\/uploads\/2017\/07\/1707_Flora_Muse\u0301es_Allevard.png 800w, https:\/\/www.sitem.fr\/wp-content\/uploads\/2017\/07\/1707_Flora_Muse\u0301es_Allevard-600x265.png 600w, https:\/\/www.sitem.fr\/wp-content\/uploads\/2017\/07\/1707_Flora_Muse\u0301es_Allevard-680x300.png 680w, https:\/\/www.sitem.fr\/wp-content\/uploads\/2017\/07\/1707_Flora_Muse\u0301es_Allevard-768x339.png 768w, https:\/\/www.sitem.fr\/wp-content\/uploads\/2017\/07\/1707_Flora_Muse\u0301es_Allevard-300x132.png 300w\" sizes=\"auto, (max-width: 800px) 100vw, 800px\" \/><\/a><p id=\"caption-attachment-8821\" class=\"wp-caption-text\">Capture d&#8217;\u00e9cran Flora Mus\u00e9e &#8211; Mus\u00e9e d&#8217;Allevard<\/p><\/div>\n<div id=\"attachment_8822\" style=\"width: 810px\" class=\"wp-caption aligncenter\"><a href=\"https:\/\/www.sitem.fr\/wp-content\/uploads\/2017\/07\/1707_Musee_Allevard.jpg\"><img loading=\"lazy\" decoding=\"async\" aria-describedby=\"caption-attachment-8822\" class=\"size-full wp-image-8822\" src=\"https:\/\/www.sitem.fr\/wp-content\/uploads\/2017\/07\/1707_Musee_Allevard.jpg\" alt=\"Mus\u00e9e d'Allevard, montage de l'exposition 2017 &quot;Belledonne-les-Bains, des curistes bien occup\u00e9s&quot;. \u00a9Cr\u00e9dit Mus\u00e9e d'Allevard\" width=\"800\" height=\"450\" srcset=\"https:\/\/www.sitem.fr\/wp-content\/uploads\/2017\/07\/1707_Musee_Allevard.jpg 800w, https:\/\/www.sitem.fr\/wp-content\/uploads\/2017\/07\/1707_Musee_Allevard-600x338.jpg 600w, https:\/\/www.sitem.fr\/wp-content\/uploads\/2017\/07\/1707_Musee_Allevard-300x169.jpg 300w, https:\/\/www.sitem.fr\/wp-content\/uploads\/2017\/07\/1707_Musee_Allevard-768x432.jpg 768w\" sizes=\"auto, (max-width: 800px) 100vw, 800px\" \/><\/a><p id=\"caption-attachment-8822\" class=\"wp-caption-text\">Mus\u00e9e d&#8217;Allevard, montage de l&#8217;exposition 2017 &#8220;Belledonne-les-Bains, des curistes bien occup\u00e9s&#8221;. \u00a9Cr\u00e9dit Mus\u00e9e d&#8217;Allevard<\/p><\/div>\n<p style=\"text-align: justify;\">D\u00e9pendant de la Communaut\u00e9 de Commune Le Gr\u00e9sivaudan, le Mus\u00e9e d\u2019Allevard b\u00e9n\u00e9ficie d\u2019un projet de r\u00e9seau \u00e0 travers lequel <strong>Flora Mus\u00e9es<\/strong> jouera un r\u00f4le f\u00e9d\u00e9rateur. <strong>Decalog<\/strong> met \u00e0 disposition un portail \u00e0 destination d\u2019un public externe pour valoriser les collections \u00e0 travers des parcours et des dossiers th\u00e9matiques.<br \/>\nL\u2019offre de <strong>Decalog<\/strong> permet de r\u00e9pondre aux attentes de r\u00e9seaux et des grandes structures. Elle a aussi sa place dans une \u00e9quipe de une \u00e0 trois personnes, gr\u00e2ce \u00e0 la fourniture d\u2019un outil de gestion et d\u2019un portail \u00ab\u00a0cl\u00e9s-en-main\u00a0\u00bb imm\u00e9diatement op\u00e9rationnel.<\/p>\n<p style=\"text-align: justify;\"><a href=\"http:\/\/www.decalog.net\/fr\/flora-musees\/\" target=\"_blank\">www.decalog.net<\/a><\/p>\n<p style=\"text-align: justify;\"><strong>Consultez la <a href=\"http:\/\/www.museumexperts.com\/nos_services\/annuaire\/prestataire\/4671\" target=\"_blank\">Fiche Annuaire<\/a> de DECALOG <\/strong><\/p>\n","protected":false},"excerpt":{"rendered":"Le mus\u00e9e d\u2019Allevard, labellis\u00e9 Mus\u00e9e de France, t\u00e9moigne des activit\u00e9s industrielles, thermales, mais \u00e9galement du d\u00e9but des sports d&#8217;hiver dans la chaine de Belledonne. \u00c0 travers une riche collection compos\u00e9e de peintures, de photos, de gravures et de min\u00e9raux, le mus\u00e9e invite le public \u00e0 d\u00e9couvrir ce patrimoine tr\u00e8s riche. Cette collection pluridisciplinaire est d\u00e9sormais&#8230; <br><a class=\"readm\" href=\"https:\/\/www.sitem.fr\/en\/flora-musees-equipe-musee-allevard-communaute-communes-gresivaudan\/\">Read more<\/a>","protected":false},"author":2,"featured_media":8821,"comment_status":"open","ping_status":"open","sticky":false,"template":"","format":"standard","meta":{"_acf_changed":false,"footnotes":""},"categories":[147],"tags":[459],"class_list":["post-8871","post","type-post","status-publish","format-standard","has-post-thumbnail","hentry","category-gestion-informatisee-des-collections-2","tag-decalog"],"acf":[],"_links":{"self":[{"href":"https:\/\/www.sitem.fr\/en\/wp-json\/wp\/v2\/posts\/8871","targetHints":{"allow":["GET"]}}],"collection":[{"href":"https:\/\/www.sitem.fr\/en\/wp-json\/wp\/v2\/posts"}],"about":[{"href":"https:\/\/www.sitem.fr\/en\/wp-json\/wp\/v2\/types\/post"}],"author":[{"embeddable":true,"href":"https:\/\/www.sitem.fr\/en\/wp-json\/wp\/v2\/users\/2"}],"replies":[{"embeddable":true,"href":"https:\/\/www.sitem.fr\/en\/wp-json\/wp\/v2\/comments?post=8871"}],"version-history":[{"count":2,"href":"https:\/\/www.sitem.fr\/en\/wp-json\/wp\/v2\/posts\/8871\/revisions"}],"predecessor-version":[{"id":8921,"href":"https:\/\/www.sitem.fr\/en\/wp-json\/wp\/v2\/posts\/8871\/revisions\/8921"}],"wp:featuredmedia":[{"embeddable":true,"href":"https:\/\/www.sitem.fr\/en\/wp-json\/wp\/v2\/media\/8821"}],"wp:attachment":[{"href":"https:\/\/www.sitem.fr\/en\/wp-json\/wp\/v2\/media?parent=8871"}],"wp:term":[{"taxonomy":"category","embeddable":true,"href":"https:\/\/www.sitem.fr\/en\/wp-json\/wp\/v2\/categories?post=8871"},{"taxonomy":"post_tag","embeddable":true,"href":"https:\/\/www.sitem.fr\/en\/wp-json\/wp\/v2\/tags?post=8871"}],"curies":[{"name":"wp","href":"https:\/\/api.w.org\/{rel}","templated":true}]}}