{"id":8878,"date":"2017-07-31T10:22:09","date_gmt":"2017-07-31T08:22:09","guid":{"rendered":"https:\/\/www.sitem.fr\/?p=8878"},"modified":"2018-10-08T17:25:14","modified_gmt":"2018-10-08T15:25:14","slug":"ete-studieux-fabrique-creative","status":"publish","type":"post","link":"https:\/\/www.sitem.fr\/en\/ete-studieux-fabrique-creative\/","title":{"rendered":"Un \u00e9t\u00e9 studieux pour la fabrique cr\u00e9ative"},"content":{"rendered":"<p style=\"text-align: justify;\"><a href=\"https:\/\/www.sitem.fr\/wp-content\/uploads\/2017\/07\/Lewarde-MuseuExpert-6015-ETE.jpg\"><img loading=\"lazy\" decoding=\"async\" class=\"aligncenter size-full wp-image-8829\" src=\"https:\/\/www.sitem.fr\/wp-content\/uploads\/2017\/07\/Lewarde-MuseuExpert-6015-ETE.jpg\" alt=\"La fabrique cr\u00e9ative \u00e9t\u00e9 2017\" width=\"800\" height=\"200\" srcset=\"https:\/\/www.sitem.fr\/wp-content\/uploads\/2017\/07\/Lewarde-MuseuExpert-6015-ETE.jpg 800w, https:\/\/www.sitem.fr\/wp-content\/uploads\/2017\/07\/Lewarde-MuseuExpert-6015-ETE-600x150.jpg 600w, https:\/\/www.sitem.fr\/wp-content\/uploads\/2017\/07\/Lewarde-MuseuExpert-6015-ETE-300x75.jpg 300w, https:\/\/www.sitem.fr\/wp-content\/uploads\/2017\/07\/Lewarde-MuseuExpert-6015-ETE-768x192.jpg 768w\" sizes=\"auto, (max-width: 800px) 100vw, 800px\" \/><\/a>Cet \u00e9t\u00e9 2017 sera studieux pour l\u2019agence qui livrera trois expositions et un am\u00e9nagement permanent \u00e0 la rentr\u00e9e.<br \/>\nTout d\u2019abord ce sera au Ch\u00e2teau d\u2019Ecouen, mus\u00e9e de la renaissance, pour la livraison d\u2019un espace d\u2019introduction \u00e0 la visite.<br \/>\nSuivront ensuite l\u2019exposition \u00ab\u00a0Voyage en 1900, des mondes souterrains \u00e0 la lumi\u00e8re\u00a0\u00bb pour le centre historique minier de Lewarde, l\u2019exposition \u00ab\u00a0M\u00e9t\u00e9orites\u00a0\u00bb au museum National d\u2019Histoire Naturelle et enfin l\u2019exposition \u00ab\u00a0Les maisons landaises : histoire et traditions\u00a0\u00bb aux archives d\u00e9partementales de Mont de Marsan.<\/p>\n<p style=\"text-align: justify;\">Plus d&#8217;informations sur ces projets \u00e0 l&#8217;automne.<\/p>\n<p style=\"text-align: justify;\">www.la-fabrique-creative.fr et sur <a href=\"https:\/\/www.facebook.com\/La-fabrique-cr%C3%A9ative-267993320032069\/\" target=\"_blank\">Facebook<\/a><\/p>\n<p style=\"text-align: justify;\"><strong>Consultez la <a href=\"http:\/\/www.museumexperts.com\/nos_services\/annuaire\/prestataire\/2399\" target=\"_blank\">Fiche Annuaire<\/a> de LA FABRIQUE CR\u00c9ATIVE <\/strong><\/p>\n","protected":false},"excerpt":{"rendered":"Cet \u00e9t\u00e9 2017 sera studieux pour l\u2019agence qui livrera trois expositions et un am\u00e9nagement permanent \u00e0 la rentr\u00e9e. Tout d\u2019abord ce sera au Ch\u00e2teau d\u2019Ecouen, mus\u00e9e de la renaissance, pour la livraison d\u2019un espace d\u2019introduction \u00e0 la visite. Suivront ensuite l\u2019exposition \u00ab\u00a0Voyage en 1900, des mondes souterrains \u00e0 la lumi\u00e8re\u00a0\u00bb pour le centre historique minier&#8230; <br><a class=\"readm\" href=\"https:\/\/www.sitem.fr\/en\/ete-studieux-fabrique-creative\/\">Read more<\/a>","protected":false},"author":2,"featured_media":8828,"comment_status":"open","ping_status":"open","sticky":false,"template":"","format":"standard","meta":{"_acf_changed":false,"footnotes":""},"categories":[1],"tags":[44],"class_list":["post-8878","post","type-post","status-publish","format-standard","has-post-thumbnail","hentry","category-non-classifiee","tag-la-fabrique-creative"],"acf":[],"_links":{"self":[{"href":"https:\/\/www.sitem.fr\/en\/wp-json\/wp\/v2\/posts\/8878","targetHints":{"allow":["GET"]}}],"collection":[{"href":"https:\/\/www.sitem.fr\/en\/wp-json\/wp\/v2\/posts"}],"about":[{"href":"https:\/\/www.sitem.fr\/en\/wp-json\/wp\/v2\/types\/post"}],"author":[{"embeddable":true,"href":"https:\/\/www.sitem.fr\/en\/wp-json\/wp\/v2\/users\/2"}],"replies":[{"embeddable":true,"href":"https:\/\/www.sitem.fr\/en\/wp-json\/wp\/v2\/comments?post=8878"}],"version-history":[{"count":3,"href":"https:\/\/www.sitem.fr\/en\/wp-json\/wp\/v2\/posts\/8878\/revisions"}],"predecessor-version":[{"id":10843,"href":"https:\/\/www.sitem.fr\/en\/wp-json\/wp\/v2\/posts\/8878\/revisions\/10843"}],"wp:featuredmedia":[{"embeddable":true,"href":"https:\/\/www.sitem.fr\/en\/wp-json\/wp\/v2\/media\/8828"}],"wp:attachment":[{"href":"https:\/\/www.sitem.fr\/en\/wp-json\/wp\/v2\/media?parent=8878"}],"wp:term":[{"taxonomy":"category","embeddable":true,"href":"https:\/\/www.sitem.fr\/en\/wp-json\/wp\/v2\/categories?post=8878"},{"taxonomy":"post_tag","embeddable":true,"href":"https:\/\/www.sitem.fr\/en\/wp-json\/wp\/v2\/tags?post=8878"}],"curies":[{"name":"wp","href":"https:\/\/api.w.org\/{rel}","templated":true}]}}