{"id":8901,"date":"2017-07-31T10:24:23","date_gmt":"2017-07-31T08:24:23","guid":{"rendered":"https:\/\/www.sitem.fr\/?p=8901"},"modified":"2017-08-02T17:14:00","modified_gmt":"2017-08-02T15:14:00","slug":"cloisons-mba-palais-rois-majorque-perpignan","status":"publish","type":"post","link":"https:\/\/www.sitem.fr\/en\/cloisons-mba-palais-rois-majorque-perpignan\/","title":{"rendered":"Des cloisons MBA au Palais des Rois de Majorque \u00e0 Perpignan"},"content":{"rendered":"<p style=\"text-align: justify;\"><strong>MBA France<\/strong> signe une nouvelle r\u00e9f\u00e9rence en \u00e9quipant le <span style=\"color: #0000ff;\"><a style=\"color: #0000ff;\" href=\"http:\/\/www.ledepartement66.fr\/99-palais-des-rois-de-majorque.htm\" target=\"_blank\">Palais des Rois de Majorque<\/a><\/span> \u00e0 Perpignan pour son exposition estivale &#8220;Passages&#8221;, pr\u00e9sentant les peintures, sculptures, dessins et collages de l&#8217;artiste Odile Maro-Arbos (16 juin &#8211; 27 ao\u00fbt 2017).<\/p>\n<p style=\"text-align: justify;\">Les cloisons Mila-wall, modulaires, l\u00e9g\u00e8res et durables, dispos\u00e9es dans les espaces d&#8217;exposition temporaire du Palais des Rois de Majorque se distinguent par leur hauteur de 3.50 m\u00e8tres. <strong>MBA France<\/strong> est d&#8217;ailleurs en mesure de fabriquer des cloisons de 4 m\u00e8tres de haut d&#8217;un seul tenant, et jusqu&#8217;\u00e0 6 m\u00e8tres en superposition, confirmant ainsi la parfaite adaptabilit\u00e9 de ses produits \u00e0 une grande diversit\u00e9 d&#8217;espaces d&#8217;exposition.<\/p>\n<div id=\"attachment_8834\" style=\"width: 810px\" class=\"wp-caption aligncenter\"><a href=\"https:\/\/www.sitem.fr\/wp-content\/uploads\/2017\/07\/PRM-045.jpg\"><img loading=\"lazy\" decoding=\"async\" aria-describedby=\"caption-attachment-8834\" class=\"size-full wp-image-8834\" src=\"https:\/\/www.sitem.fr\/wp-content\/uploads\/2017\/07\/PRM-045.jpg\" alt=\"Exposition &quot;Passages&quot;, Odile Arbos-Maro, Palais des Rois de Marjorque Perpignan. \u00a9leD\u00e9partement66\" width=\"800\" height=\"600\" srcset=\"https:\/\/www.sitem.fr\/wp-content\/uploads\/2017\/07\/PRM-045.jpg 800w, https:\/\/www.sitem.fr\/wp-content\/uploads\/2017\/07\/PRM-045-600x450.jpg 600w, https:\/\/www.sitem.fr\/wp-content\/uploads\/2017\/07\/PRM-045-587x440.jpg 587w, https:\/\/www.sitem.fr\/wp-content\/uploads\/2017\/07\/PRM-045-768x576.jpg 768w, https:\/\/www.sitem.fr\/wp-content\/uploads\/2017\/07\/PRM-045-300x225.jpg 300w, https:\/\/www.sitem.fr\/wp-content\/uploads\/2017\/07\/PRM-045-80x60.jpg 80w\" sizes=\"auto, (max-width: 800px) 100vw, 800px\" \/><\/a><p id=\"caption-attachment-8834\" class=\"wp-caption-text\">Exposition &#8220;Passages&#8221;, Odile Arbos-Maro, Palais des Rois de Marjorque Perpignan. \u00a9leD\u00e9partement66<\/p><\/div>\n<p style=\"text-align: justify;\"><a href=\"http:\/\/www.mba-france.fr\" target=\"_blank\">www.mba-france.fr<\/a><\/p>\n<p style=\"text-align: justify;\"><strong>Consultez la <a href=\"http:\/\/www.museumexperts.com\/nos_services\/annuaire\/prestataire\/1442\" target=\"_blank\">Fiche Annuaire<\/a> de MBA FRANCE <\/strong><\/p>\n","protected":false},"excerpt":{"rendered":"MBA France signe une nouvelle r\u00e9f\u00e9rence en \u00e9quipant le Palais des Rois de Majorque \u00e0 Perpignan pour son exposition estivale &#8220;Passages&#8221;, pr\u00e9sentant les peintures, sculptures, dessins et collages de l&#8217;artiste Odile Maro-Arbos (16 juin &#8211; 27 ao\u00fbt 2017). Les cloisons Mila-wall, modulaires, l\u00e9g\u00e8res et durables, dispos\u00e9es dans les espaces d&#8217;exposition temporaire du Palais des Rois&#8230; <br><a class=\"readm\" href=\"https:\/\/www.sitem.fr\/en\/cloisons-mba-palais-rois-majorque-perpignan\/\">Read more<\/a>","protected":false},"author":2,"featured_media":8834,"comment_status":"open","ping_status":"open","sticky":false,"template":"","format":"standard","meta":{"_acf_changed":false,"footnotes":""},"categories":[139],"tags":[14],"class_list":["post-8901","post","type-post","status-publish","format-standard","has-post-thumbnail","hentry","category-cloisons","tag-mba-france"],"acf":[],"_links":{"self":[{"href":"https:\/\/www.sitem.fr\/en\/wp-json\/wp\/v2\/posts\/8901","targetHints":{"allow":["GET"]}}],"collection":[{"href":"https:\/\/www.sitem.fr\/en\/wp-json\/wp\/v2\/posts"}],"about":[{"href":"https:\/\/www.sitem.fr\/en\/wp-json\/wp\/v2\/types\/post"}],"author":[{"embeddable":true,"href":"https:\/\/www.sitem.fr\/en\/wp-json\/wp\/v2\/users\/2"}],"replies":[{"embeddable":true,"href":"https:\/\/www.sitem.fr\/en\/wp-json\/wp\/v2\/comments?post=8901"}],"version-history":[{"count":2,"href":"https:\/\/www.sitem.fr\/en\/wp-json\/wp\/v2\/posts\/8901\/revisions"}],"predecessor-version":[{"id":8917,"href":"https:\/\/www.sitem.fr\/en\/wp-json\/wp\/v2\/posts\/8901\/revisions\/8917"}],"wp:featuredmedia":[{"embeddable":true,"href":"https:\/\/www.sitem.fr\/en\/wp-json\/wp\/v2\/media\/8834"}],"wp:attachment":[{"href":"https:\/\/www.sitem.fr\/en\/wp-json\/wp\/v2\/media?parent=8901"}],"wp:term":[{"taxonomy":"category","embeddable":true,"href":"https:\/\/www.sitem.fr\/en\/wp-json\/wp\/v2\/categories?post=8901"},{"taxonomy":"post_tag","embeddable":true,"href":"https:\/\/www.sitem.fr\/en\/wp-json\/wp\/v2\/tags?post=8901"}],"curies":[{"name":"wp","href":"https:\/\/api.w.org\/{rel}","templated":true}]}}