{"id":8999,"date":"2017-09-29T10:19:52","date_gmt":"2017-09-29T08:19:52","guid":{"rendered":"https:\/\/www.sitem.fr\/?p=8999"},"modified":"2018-10-08T17:26:28","modified_gmt":"2018-10-08T15:26:28","slug":"boscher-signaletique-musee-arts-nantes","status":"publish","type":"post","link":"https:\/\/www.sitem.fr\/en\/boscher-signaletique-musee-arts-nantes\/","title":{"rendered":"Boscher : signal\u00e9tique pour le Mus\u00e9e d&#8217;Arts de Nantes"},"content":{"rendered":"<p style=\"text-align: justify;\">La r\u00e9ouverture du <a href=\"https:\/\/museedartsdenantes.nantesmetropole.fr\" target=\"_blank\">Mus\u00e9e d&#8217;Arts de Nantes<\/a> en juin dernier, apr\u00e8s six ans de travaux, a permis aux visiteurs de d\u00e9couvrir le &#8220;Mus\u00e9e du 21\u00e8me si\u00e8cle&#8221;, notamment avec le &#8220;Cube&#8221; enti\u00e8rement d\u00e9di\u00e9 \u00e0 l&#8217;art contemporain.<\/p>\n<p style=\"text-align: justify;\">R\u00e9alis\u00e9e par <strong>Boscher<\/strong>, la signal\u00e9tique se d\u00e9cline en lettres d\u00e9coup\u00e9es en aluminium, pour informer le public \u00e0 l&#8217;entr\u00e9e de chaque espace de visite et en rep\u00e8res de couleur (cube, chapelle&#8230;.) qui compl\u00e8tent\u00a0 la signal\u00e9tique directionnelle pour guider le visiteur.<\/p>\n<div id=\"attachment_8945\" style=\"width: 468px\" class=\"wp-caption aligncenter\"><a href=\"https:\/\/www.sitem.fr\/wp-content\/uploads\/2017\/09\/IMAG1853.jpg\"><img loading=\"lazy\" decoding=\"async\" aria-describedby=\"caption-attachment-8945\" class=\" wp-image-8945\" src=\"https:\/\/www.sitem.fr\/wp-content\/uploads\/2017\/09\/IMAG1853.jpg\" alt=\"boscher-mus\u00e9e-arts-nantes-signal\u00e9tique-libairie-boutique\" width=\"458\" height=\"261\" \/><\/a><p id=\"caption-attachment-8945\" class=\"wp-caption-text\">Signal\u00e9tique de la librairie-boutique du Mus\u00e9e d&#8217;Arts de Nantes. \u00a9Boscher<\/p><\/div>\n<div id=\"attachment_8946\" style=\"width: 299px\" class=\"wp-caption aligncenter\"><a href=\"https:\/\/www.sitem.fr\/wp-content\/uploads\/2017\/09\/IMAG1860.jpg\"><img loading=\"lazy\" decoding=\"async\" aria-describedby=\"caption-attachment-8946\" class=\" wp-image-8946\" src=\"https:\/\/www.sitem.fr\/wp-content\/uploads\/2017\/09\/IMAG1860.jpg\" alt=\"boscher-mus\u00e9e-arts-nantes-signal\u00e9tique-int\u00e9rieure\" width=\"289\" height=\"508\" \/><\/a><p id=\"caption-attachment-8946\" class=\"wp-caption-text\">Signal\u00e9tique int\u00e9rieure du Mus\u00e9e d&#8217;Arts de Nantes. \u00a9Boscher<\/p><\/div>\n<p style=\"text-align: justify;\">La <span style=\"color: #0000ff;\"><a style=\"color: #0000ff;\" href=\"https:\/\/youtu.be\/MquVh0G9gz4\" target=\"_blank\">vid\u00e9o d&#8217;inauguration du mus\u00e9e<\/a><\/span>, visionnable sur la cha\u00eene YouTube de la ville de Nantes, permet d&#8217;appr\u00e9cier les espaces du nouveau mus\u00e9e et la coh\u00e9rence de la signal\u00e9tique avec l&#8217;architecture int\u00e9rieure.<\/p>\n<p style=\"text-align: justify;\">La ma\u00eetrise d&#8217;oeuvre de la r\u00e9novation du Mus\u00e9e d&#8217;Arts de Nantes a \u00e9t\u00e9 conduite par <a href=\"https:\/\/www.stantonwilliams.com\" target=\"_blank\">Stanton WILLIAMS<\/a>\u00a0 (Londres). La conception de la signal\u00e9tique a \u00e9t\u00e9 assur\u00e9e par Cartlidge Levene (Londres).<\/p>\n<p style=\"text-align: justify;\"><a href=\"http:\/\/www.boscher.fr\">www.boscher.fr<\/a><\/p>\n<p style=\"text-align: justify;\"><strong>Consultez la <a href=\"http:\/\/www.museumexperts.com\/nos_services\/annuaire\/prestataire\/651\" target=\"_blank\">Fiche Annuaire<\/a> de Boscher Signal\u00e9tique et Image<\/strong><\/p>\n","protected":false},"excerpt":{"rendered":"La r\u00e9ouverture du Mus\u00e9e d&#8217;Arts de Nantes en juin dernier, apr\u00e8s six ans de travaux, a permis aux visiteurs de d\u00e9couvrir le &#8220;Mus\u00e9e du 21\u00e8me si\u00e8cle&#8221;, notamment avec le &#8220;Cube&#8221; enti\u00e8rement d\u00e9di\u00e9 \u00e0 l&#8217;art contemporain. R\u00e9alis\u00e9e par Boscher, la signal\u00e9tique se d\u00e9cline en lettres d\u00e9coup\u00e9es en aluminium, pour informer le public \u00e0 l&#8217;entr\u00e9e de chaque&#8230; <br><a class=\"readm\" href=\"https:\/\/www.sitem.fr\/en\/boscher-signaletique-musee-arts-nantes\/\">Read more<\/a>","protected":false},"author":2,"featured_media":8945,"comment_status":"open","ping_status":"open","sticky":false,"template":"","format":"standard","meta":{"_acf_changed":false,"footnotes":""},"categories":[1],"tags":[18,492],"class_list":["post-8999","post","type-post","status-publish","format-standard","has-post-thumbnail","hentry","category-non-classifiee","tag-boscher","tag-musee-darts-de-nantes"],"acf":[],"_links":{"self":[{"href":"https:\/\/www.sitem.fr\/en\/wp-json\/wp\/v2\/posts\/8999","targetHints":{"allow":["GET"]}}],"collection":[{"href":"https:\/\/www.sitem.fr\/en\/wp-json\/wp\/v2\/posts"}],"about":[{"href":"https:\/\/www.sitem.fr\/en\/wp-json\/wp\/v2\/types\/post"}],"author":[{"embeddable":true,"href":"https:\/\/www.sitem.fr\/en\/wp-json\/wp\/v2\/users\/2"}],"replies":[{"embeddable":true,"href":"https:\/\/www.sitem.fr\/en\/wp-json\/wp\/v2\/comments?post=8999"}],"version-history":[{"count":2,"href":"https:\/\/www.sitem.fr\/en\/wp-json\/wp\/v2\/posts\/8999\/revisions"}],"predecessor-version":[{"id":10932,"href":"https:\/\/www.sitem.fr\/en\/wp-json\/wp\/v2\/posts\/8999\/revisions\/10932"}],"wp:featuredmedia":[{"embeddable":true,"href":"https:\/\/www.sitem.fr\/en\/wp-json\/wp\/v2\/media\/8945"}],"wp:attachment":[{"href":"https:\/\/www.sitem.fr\/en\/wp-json\/wp\/v2\/media?parent=8999"}],"wp:term":[{"taxonomy":"category","embeddable":true,"href":"https:\/\/www.sitem.fr\/en\/wp-json\/wp\/v2\/categories?post=8999"},{"taxonomy":"post_tag","embeddable":true,"href":"https:\/\/www.sitem.fr\/en\/wp-json\/wp\/v2\/tags?post=8999"}],"curies":[{"name":"wp","href":"https:\/\/api.w.org\/{rel}","templated":true}]}}