{"id":9008,"date":"2017-09-29T10:41:14","date_gmt":"2017-09-29T08:41:14","guid":{"rendered":"https:\/\/www.sitem.fr\/?p=9008"},"modified":"2017-10-02T10:49:46","modified_gmt":"2017-10-02T08:49:46","slug":"demuseele-site-culture","status":"publish","type":"post","link":"https:\/\/www.sitem.fr\/en\/demuseele-site-culture\/","title":{"rendered":"D\u00e9MUSEEl\u00e9, un site qui parle de la culture"},"content":{"rendered":"<p style=\"text-align: justify;\">Une nouvelle saison culturelle va d\u00e9buter, et <strong>D\u00e9MUSEEl\u00e9<\/strong> s\u2019appr\u00eate \u00e0 reprendre le chemin des expositions. Le blog, n\u00e9 en septembre 2016, se positionne comme un interm\u00e9diaire entre institutions culturelles et grand public. Il propose des articles d\u2019actualit\u00e9, des analyses de s\u00e9ries TV, et surtout des visites-test.<\/p>\n<p style=\"text-align: justify;\">Apr\u00e8s une visite physique d\u2019une exposition, d\u2019un mus\u00e9e ou d\u2019un lieu patrimonial, nous r\u00e9digeons un article qui d\u00e9crypte le th\u00e8me, propose un recadrage chronologique et historique du sujet, puis une analyse des choix sc\u00e9nographiques. La visite-test permet ainsi aux lecteurs de sortir de sa zone de confort, d\u2019avoir les clefs en main pour profiter pleinement d\u2019un moment culturel et de choisir une visite adapt\u00e9e \u00e0 ses besoins (visites en famille, phobies, mobilit\u00e9 r\u00e9duite).<\/p>\n<p style=\"text-align: justify;\"><a href=\"https:\/\/www.sitem.fr\/wp-content\/uploads\/2017\/09\/museumexpertsDe\u0301MUSEEle\u0301.jpg\"><img loading=\"lazy\" decoding=\"async\" class=\"aligncenter  wp-image-8952\" src=\"https:\/\/www.sitem.fr\/wp-content\/uploads\/2017\/09\/museumexpertsDe\u0301MUSEEle\u0301.jpg\" alt=\"D\u00e9MUSEEle-copie-\u00e9cran\" width=\"495\" height=\"251\" \/><\/a> <a href=\"https:\/\/www.sitem.fr\/wp-content\/uploads\/2017\/09\/museumexpertsDe\u0301MUSEEle\u03012.jpg\"><img loading=\"lazy\" decoding=\"async\" class=\"aligncenter  wp-image-8953\" src=\"https:\/\/www.sitem.fr\/wp-content\/uploads\/2017\/09\/museumexpertsDe\u0301MUSEEle\u03012.jpg\" alt=\"D\u00e9MUSEEle-copie-\u00e9cran\" width=\"494\" height=\"270\" \/><\/a>Le blog offre \u00e9galement une base de donn\u00e9es g\u00e9olocalis\u00e9es, qui permet \u00e0 l\u2019utilisateur de d\u00e9couvrir les \u00e9v\u00e8nements autour de lui. Le concept de <strong>D\u00e9MUSEEl\u00e9<\/strong> a d\u00e9j\u00e0 s\u00e9duit plusieurs institutions en Bourgogne-Franche-Comt\u00e9, en r\u00e9gion parisienne et en Normandie.<\/p>\n<p style=\"text-align: justify;\"><strong>D\u00e9MUSEEl\u00e9<\/strong> propose \u00e9galement des conf\u00e9rences et de la recherche documentaire pour les \u00e9v\u00e8nements culturels nationaux.<\/p>\n<p style=\"text-align: justify;\"><a href=\"https:\/\/www.demuseele.com\/\" target=\"_blank\">www.demuseele.com<\/a><\/p>\n<p style=\"text-align: justify;\"><strong>Consultez la <a href=\"http:\/\/www.museumexperts.com\/nos_services\/annuaire\/prestataire\/4876\" target=\"_blank\">Fiche Annuaire<\/a> de DEMUSEELE <\/strong><\/p>\n","protected":false},"excerpt":{"rendered":"Une nouvelle saison culturelle va d\u00e9buter, et D\u00e9MUSEEl\u00e9 s\u2019appr\u00eate \u00e0 reprendre le chemin des expositions. Le blog, n\u00e9 en septembre 2016, se positionne comme un interm\u00e9diaire entre institutions culturelles et grand public. Il propose des articles d\u2019actualit\u00e9, des analyses de s\u00e9ries TV, et surtout des visites-test. Apr\u00e8s une visite physique d\u2019une exposition, d\u2019un mus\u00e9e ou&#8230; <br><a class=\"readm\" href=\"https:\/\/www.sitem.fr\/en\/demuseele-site-culture\/\">Read more<\/a>","protected":false},"author":2,"featured_media":8952,"comment_status":"open","ping_status":"open","sticky":false,"template":"","format":"standard","meta":{"_acf_changed":false,"footnotes":""},"categories":[140,320,287],"tags":[493],"class_list":["post-9008","post","type-post","status-publish","format-standard","has-post-thumbnail","hentry","category-communication","category-evenement-culturel","category-site-internet","tag-demuseele"],"acf":[],"_links":{"self":[{"href":"https:\/\/www.sitem.fr\/en\/wp-json\/wp\/v2\/posts\/9008","targetHints":{"allow":["GET"]}}],"collection":[{"href":"https:\/\/www.sitem.fr\/en\/wp-json\/wp\/v2\/posts"}],"about":[{"href":"https:\/\/www.sitem.fr\/en\/wp-json\/wp\/v2\/types\/post"}],"author":[{"embeddable":true,"href":"https:\/\/www.sitem.fr\/en\/wp-json\/wp\/v2\/users\/2"}],"replies":[{"embeddable":true,"href":"https:\/\/www.sitem.fr\/en\/wp-json\/wp\/v2\/comments?post=9008"}],"version-history":[{"count":2,"href":"https:\/\/www.sitem.fr\/en\/wp-json\/wp\/v2\/posts\/9008\/revisions"}],"predecessor-version":[{"id":9010,"href":"https:\/\/www.sitem.fr\/en\/wp-json\/wp\/v2\/posts\/9008\/revisions\/9010"}],"wp:featuredmedia":[{"embeddable":true,"href":"https:\/\/www.sitem.fr\/en\/wp-json\/wp\/v2\/media\/8952"}],"wp:attachment":[{"href":"https:\/\/www.sitem.fr\/en\/wp-json\/wp\/v2\/media?parent=9008"}],"wp:term":[{"taxonomy":"category","embeddable":true,"href":"https:\/\/www.sitem.fr\/en\/wp-json\/wp\/v2\/categories?post=9008"},{"taxonomy":"post_tag","embeddable":true,"href":"https:\/\/www.sitem.fr\/en\/wp-json\/wp\/v2\/tags?post=9008"}],"curies":[{"name":"wp","href":"https:\/\/api.w.org\/{rel}","templated":true}]}}