{"id":9015,"date":"2017-09-29T10:24:30","date_gmt":"2017-09-29T08:24:30","guid":{"rendered":"https:\/\/www.sitem.fr\/?p=9015"},"modified":"2017-10-02T11:30:32","modified_gmt":"2017-10-02T09:30:32","slug":"agence-privee-concoit-vitrine-robe-mariee-dior","status":"publish","type":"post","link":"https:\/\/www.sitem.fr\/en\/agence-privee-concoit-vitrine-robe-mariee-dior\/","title":{"rendered":"L&#8217;AGENCE PRIVEE, con\u00e7oit une vitrine pour une robe de mari\u00e9e Dior"},"content":{"rendered":"<p style=\"text-align: justify;\"><a href=\"https:\/\/www.sitem.fr\/wp-content\/uploads\/2017\/09\/bandeaux-museum-expert-A.prive\u0301e-octobre-2017.jpeg\"><img loading=\"lazy\" decoding=\"async\" class=\"size-full wp-image-8960\" src=\"https:\/\/www.sitem.fr\/wp-content\/uploads\/2017\/09\/bandeaux-museum-expert-A.prive\u0301e-octobre-2017.jpeg\" alt=\"L-Agence-Privee-Scenographie\" width=\"3307\" height=\"709\" \/><\/a>En 1956, une jeune femme se mariait \u00e0 la mairie de Montauroux, le village d&#8217;\u00e9lection de Christian Dior, l\u00e0 o\u00f9 se trouve son ch\u00e2teau de la Colle Noire, demeure qu&#8217;il a aim\u00e9e entre toutes. Chose exceptionnelle, elle portait une robe sortie des ateliers Christian Dior couture.<\/p>\n<p style=\"text-align: justify;\">Afin de marquer l&#8217;histoire la maison Dior Parfums a souhait\u00e9 installer dans le hall de la mairie une vitrine sp\u00e9ciale pour exposer cette robe et avec elle une histoire peu ordinaire.<br \/>\nCette vitrine, <strong>l&#8217;agence priv\u00e9e<\/strong> l&#8217;a con\u00e7ue et install\u00e9e en ao\u00fbt dernier.<br \/>\nOn peut ainsi lire sur le cartel\u00a0qui la d\u00e9crit : Robe de mari\u00e9e en satin Duchesse ivoire et tulle brod\u00e9 du mariage de Mme H\u00e9l\u00e8ne-Marie Anjot et Ake Carlhammar,\u00a0 le 29 d\u00e9cembre 1956 &#8211; Ateliers Christian Dior.<\/p>\n<p style=\"text-align: justify;\"><a href=\"http:\/\/www.agence-privee.org\/\" target=\"_blank\">www.agence-privee.fr<\/a><\/p>\n<p style=\"text-align: justify;\"><strong>Consultez la <a href=\"http:\/\/www.museumexperts.com\/nos_services\/annuaire\/prestataire\/4341\" target=\"_blank\">Fiche Annuaire<\/a> de L&#8217;AGENCE PRIVEE <\/strong><\/p>\n","protected":false},"excerpt":{"rendered":"En 1956, une jeune femme se mariait \u00e0 la mairie de Montauroux, le village d&#8217;\u00e9lection de Christian Dior, l\u00e0 o\u00f9 se trouve son ch\u00e2teau de la Colle Noire, demeure qu&#8217;il a aim\u00e9e entre toutes. Chose exceptionnelle, elle portait une robe sortie des ateliers Christian Dior couture. Afin de marquer l&#8217;histoire la maison Dior Parfums a&#8230; <br><a class=\"readm\" href=\"https:\/\/www.sitem.fr\/en\/agence-privee-concoit-vitrine-robe-mariee-dior\/\">Read more<\/a>","protected":false},"author":2,"featured_media":8959,"comment_status":"open","ping_status":"open","sticky":false,"template":"","format":"standard","meta":{"_acf_changed":false,"footnotes":""},"categories":[156],"tags":[439],"class_list":["post-9015","post","type-post","status-publish","format-standard","has-post-thumbnail","hentry","category-vitrines","tag-agence-privee-scenographie"],"acf":[],"_links":{"self":[{"href":"https:\/\/www.sitem.fr\/en\/wp-json\/wp\/v2\/posts\/9015","targetHints":{"allow":["GET"]}}],"collection":[{"href":"https:\/\/www.sitem.fr\/en\/wp-json\/wp\/v2\/posts"}],"about":[{"href":"https:\/\/www.sitem.fr\/en\/wp-json\/wp\/v2\/types\/post"}],"author":[{"embeddable":true,"href":"https:\/\/www.sitem.fr\/en\/wp-json\/wp\/v2\/users\/2"}],"replies":[{"embeddable":true,"href":"https:\/\/www.sitem.fr\/en\/wp-json\/wp\/v2\/comments?post=9015"}],"version-history":[{"count":1,"href":"https:\/\/www.sitem.fr\/en\/wp-json\/wp\/v2\/posts\/9015\/revisions"}],"predecessor-version":[{"id":9016,"href":"https:\/\/www.sitem.fr\/en\/wp-json\/wp\/v2\/posts\/9015\/revisions\/9016"}],"wp:featuredmedia":[{"embeddable":true,"href":"https:\/\/www.sitem.fr\/en\/wp-json\/wp\/v2\/media\/8959"}],"wp:attachment":[{"href":"https:\/\/www.sitem.fr\/en\/wp-json\/wp\/v2\/media?parent=9015"}],"wp:term":[{"taxonomy":"category","embeddable":true,"href":"https:\/\/www.sitem.fr\/en\/wp-json\/wp\/v2\/categories?post=9015"},{"taxonomy":"post_tag","embeddable":true,"href":"https:\/\/www.sitem.fr\/en\/wp-json\/wp\/v2\/tags?post=9015"}],"curies":[{"name":"wp","href":"https:\/\/api.w.org\/{rel}","templated":true}]}}