{"id":9019,"date":"2017-09-29T10:20:39","date_gmt":"2017-09-29T08:20:39","guid":{"rendered":"https:\/\/www.sitem.fr\/?p=9019"},"modified":"2018-10-08T17:25:15","modified_gmt":"2018-10-08T15:25:15","slug":"fabrique-creative-musee-renaissance-chateau-ecouen","status":"publish","type":"post","link":"https:\/\/www.sitem.fr\/en\/fabrique-creative-musee-renaissance-chateau-ecouen\/","title":{"rendered":"La Fabrique Cr\u00e9ative pour le mus\u00e9e de la Renaissance au ch\u00e2teau d\u2019Ecouen"},"content":{"rendered":"<p style=\"text-align: justify;\">La Fabrique Cr\u00e9ative livre un espace d\u2019introduction \u00e0 la visite pour le <a href=\"http:\/\/musee-renaissance.fr\/\" target=\"_blank\">mus\u00e9e de la Renaissance au ch\u00e2teau d\u2019Ecouen<\/a>.<br \/>\nCet espace, au d\u00e9but du parcours de visite du mus\u00e9e se devait d\u2019\u00eatre sobre, attractif et fonctionnel, de par les nombreuses contraintes inh\u00e9rentes \u00e0 sa situation et configuration. Sa surface r\u00e9duite et sa localisation, au centre de nombreux flux de circulation, ont impos\u00e9 un am\u00e9nagement p\u00e9riph\u00e9rique hybride.<br \/>\nDeux banquettes, sobres et radicales, int\u00e8grent l\u2019ensemble des \u00e9quipements, radiateurs, \u00e9crans vid\u00e9o et multim\u00e9dia mais aussi des lames verticales signal\u00e9tiques. Ces lames pr\u00e9sentent en quelques mots-cl\u00e9, images, chronologie des rois et cartographie de l\u2019Europe, les \u00e9l\u00e9ments principaux pour comprendre la p\u00e9riode de la Renaissance, et introduire ainsi au mieux la visite.<br \/>\nUn \u00e9clairage, respectueux du lieu d\u2019accueil (int\u00e9gration en joint de pierre) vient parfaire l\u2019am\u00e9nagement pour la mise en valeur du plafond et des portes d\u2019\u00e9poque Renaissance.<\/p>\n<div id=\"attachment_8962\" style=\"width: 2993px\" class=\"wp-caption aligncenter\"><a href=\"https:\/\/www.sitem.fr\/wp-content\/uploads\/2017\/09\/MSM-MuseuExpert-Ecouen-1.jpg\"><img loading=\"lazy\" decoding=\"async\" aria-describedby=\"caption-attachment-8962\" class=\"size-full wp-image-8962\" src=\"https:\/\/www.sitem.fr\/wp-content\/uploads\/2017\/09\/MSM-MuseuExpert-Ecouen-1.jpg\" alt=\"La-Fabrique-Creative-Musee-de-la-Renaissance-Chateau-Ecouen\" width=\"2983\" height=\"982\" \/><\/a><p id=\"caption-attachment-8962\" class=\"wp-caption-text\">Espace d\u2019introduction \u00e0 la visite, Mus\u00e9e de la Renaissance au ch\u00e2teau d\u2019Ecouen, sc\u00e9nographi\u00e9 par La fabrique cr\u00e9ative. \u00a9La fabrique cr\u00e9ative<\/p><\/div>\n<p style=\"text-align: justify;\">Jours de fermeture du mus\u00e9e :<br \/>\nLe mus\u00e9e est ferm\u00e9 le mardi et les 1er janvier, 1er mai et 25 d\u00e9cembre.<br \/>\nHoraires d&#8217;ouverture du mus\u00e9e :<br \/>\nTous les jours sauf le mardi de 9h30 \u00e0 12h45 et de 14h00 \u00e0 17h45<\/p>\n<p style=\"text-align: justify;\">Ma\u00eetrise d&#8217;\u0153uvre : La-fabrique-cr\u00e9ative<br \/>\nAgencement : GL events services Poitiers<br \/>\nEquipements Lumi\u00e8re : Novelty<br \/>\nProduction Multim\u00e9dia : Mosquito<\/p>\n<p style=\"text-align: justify;\">www.la-fabrique-creative.fr et sur <a href=\"https:\/\/www.facebook.com\/La-fabrique-cr%C3%A9ative-267993320032069\/\" target=\"_blank\">Facebook<\/a><\/p>\n<p style=\"text-align: justify;\"><strong>Consultez la <a href=\"http:\/\/www.museumexperts.com\/nos_services\/annuaire\/prestataire\/2399\" target=\"_blank\">Fiche Annuaire<\/a> de LA FABRIQUE CR\u00c9ATIVE <\/strong><\/p>\n","protected":false},"excerpt":{"rendered":"La Fabrique Cr\u00e9ative livre un espace d\u2019introduction \u00e0 la visite pour le mus\u00e9e de la Renaissance au ch\u00e2teau d\u2019Ecouen. Cet espace, au d\u00e9but du parcours de visite du mus\u00e9e se devait d\u2019\u00eatre sobre, attractif et fonctionnel, de par les nombreuses contraintes inh\u00e9rentes \u00e0 sa situation et configuration. Sa surface r\u00e9duite et sa localisation, au centre&#8230; <br><a class=\"readm\" href=\"https:\/\/www.sitem.fr\/en\/fabrique-creative-musee-renaissance-chateau-ecouen\/\">Read more<\/a>","protected":false},"author":2,"featured_media":8961,"comment_status":"open","ping_status":"open","sticky":false,"template":"","format":"standard","meta":{"_acf_changed":false,"footnotes":""},"categories":[1],"tags":[44,495],"class_list":["post-9019","post","type-post","status-publish","format-standard","has-post-thumbnail","hentry","category-non-classifiee","tag-la-fabrique-creative","tag-musee-de-la-renaissance-chateau-decouen"],"acf":[],"_links":{"self":[{"href":"https:\/\/www.sitem.fr\/en\/wp-json\/wp\/v2\/posts\/9019","targetHints":{"allow":["GET"]}}],"collection":[{"href":"https:\/\/www.sitem.fr\/en\/wp-json\/wp\/v2\/posts"}],"about":[{"href":"https:\/\/www.sitem.fr\/en\/wp-json\/wp\/v2\/types\/post"}],"author":[{"embeddable":true,"href":"https:\/\/www.sitem.fr\/en\/wp-json\/wp\/v2\/users\/2"}],"replies":[{"embeddable":true,"href":"https:\/\/www.sitem.fr\/en\/wp-json\/wp\/v2\/comments?post=9019"}],"version-history":[{"count":2,"href":"https:\/\/www.sitem.fr\/en\/wp-json\/wp\/v2\/posts\/9019\/revisions"}],"predecessor-version":[{"id":10844,"href":"https:\/\/www.sitem.fr\/en\/wp-json\/wp\/v2\/posts\/9019\/revisions\/10844"}],"wp:featuredmedia":[{"embeddable":true,"href":"https:\/\/www.sitem.fr\/en\/wp-json\/wp\/v2\/media\/8961"}],"wp:attachment":[{"href":"https:\/\/www.sitem.fr\/en\/wp-json\/wp\/v2\/media?parent=9019"}],"wp:term":[{"taxonomy":"category","embeddable":true,"href":"https:\/\/www.sitem.fr\/en\/wp-json\/wp\/v2\/categories?post=9019"},{"taxonomy":"post_tag","embeddable":true,"href":"https:\/\/www.sitem.fr\/en\/wp-json\/wp\/v2\/tags?post=9019"}],"curies":[{"name":"wp","href":"https:\/\/api.w.org\/{rel}","templated":true}]}}