{"id":9027,"date":"2017-09-29T10:23:42","date_gmt":"2017-09-29T08:23:42","guid":{"rendered":"https:\/\/www.sitem.fr\/?p=9027"},"modified":"2018-10-08T17:22:34","modified_gmt":"2018-10-08T15:22:34","slug":"agence-point-de-fuite-musee-de-nogent-marne-caricature-histoire-france","status":"publish","type":"post","link":"https:\/\/www.sitem.fr\/en\/agence-point-de-fuite-musee-de-nogent-marne-caricature-histoire-france\/","title":{"rendered":"L\u2019agence Point de Fuite retenue par le Mus\u00e9e de Nogent sur Marne"},"content":{"rendered":"<p><a href=\"https:\/\/www.sitem.fr\/wp-content\/uploads\/2017\/09\/bandeau.jpg\"><img loading=\"lazy\" decoding=\"async\" class=\"aligncenter size-full wp-image-8972\" src=\"https:\/\/www.sitem.fr\/wp-content\/uploads\/2017\/09\/bandeau.jpg\" alt=\"Point-de-Fuite-Musee-Nogent-sur-Marne-Caricature\" width=\"3495\" height=\"882\" \/><\/a>L\u2019agence <strong>Point de Fuite<\/strong> a \u00e9t\u00e9 retenue par le <a href=\"http:\/\/www.musee-nogentsurmarne.fr\/\" target=\"_blank\">Mus\u00e9e de Nogent sur Marne<\/a> pour la conception et le suivi de r\u00e9alisation de leur nouvelle exposition &#8220;La caricature raconte l&#8217;histoire de France&#8221;.<\/p>\n<p>Cette exposition temporaire, qui est pr\u00e9sent\u00e9e du 16 septembre 2017 au 31 mai 2018, invite les visiteurs a\u0300 revivre l\u2019Histoire de France par le biais d\u2019une centaine de\u00a0documents : estampes et journaux, objets et chansons illustrent une e\u0301pope\u0301e tragi-comique allant des\u00a0gravures protestantes du XVIe sie\u0300cle a\u0300\u00a0Charlie Hebdo.<\/p>\n<p>Fr\u00e9d\u00e9ric Chauvaux en a con\u00e7u la sc\u00e9nographie, le design des mobiliers sp\u00e9cifiques de pr\u00e9sentation des sources multim\u00e9dias et l\u2019habillage graphique de tous les visuels dans une d\u00e9marche \u00e0 la fois immersive et didactique.<\/p>\n<p style=\"text-align: justify;\">www.pointdefuite.fr<\/p>\n<p style=\"text-align: justify;\"><strong>Consultez la <a href=\"http:\/\/www.museumexperts.com\/nos_services\/annuaire\/prestataire\/2465\" target=\"_blank\">Fiche Annuaire<\/a> de POINT DE FUITE<\/strong><\/p>\n","protected":false},"excerpt":{"rendered":"L\u2019agence Point de Fuite a \u00e9t\u00e9 retenue par le Mus\u00e9e de Nogent sur Marne pour la conception et le suivi de r\u00e9alisation de leur nouvelle exposition &#8220;La caricature raconte l&#8217;histoire de France&#8221;. Cette exposition temporaire, qui est pr\u00e9sent\u00e9e du 16 septembre 2017 au 31 mai 2018, invite les visiteurs a\u0300 revivre l\u2019Histoire de France par&#8230; <br><a class=\"readm\" href=\"https:\/\/www.sitem.fr\/en\/agence-point-de-fuite-musee-de-nogent-marne-caricature-histoire-france\/\">Read more<\/a>","protected":false},"author":2,"featured_media":8973,"comment_status":"open","ping_status":"open","sticky":false,"template":"","format":"standard","meta":{"_acf_changed":false,"footnotes":""},"categories":[144],"tags":[70],"class_list":["post-9027","post","type-post","status-publish","format-standard","has-post-thumbnail","hentry","category-mobilier","tag-agence-point-de-fuite"],"acf":[],"_links":{"self":[{"href":"https:\/\/www.sitem.fr\/en\/wp-json\/wp\/v2\/posts\/9027","targetHints":{"allow":["GET"]}}],"collection":[{"href":"https:\/\/www.sitem.fr\/en\/wp-json\/wp\/v2\/posts"}],"about":[{"href":"https:\/\/www.sitem.fr\/en\/wp-json\/wp\/v2\/types\/post"}],"author":[{"embeddable":true,"href":"https:\/\/www.sitem.fr\/en\/wp-json\/wp\/v2\/users\/2"}],"replies":[{"embeddable":true,"href":"https:\/\/www.sitem.fr\/en\/wp-json\/wp\/v2\/comments?post=9027"}],"version-history":[{"count":2,"href":"https:\/\/www.sitem.fr\/en\/wp-json\/wp\/v2\/posts\/9027\/revisions"}],"predecessor-version":[{"id":10799,"href":"https:\/\/www.sitem.fr\/en\/wp-json\/wp\/v2\/posts\/9027\/revisions\/10799"}],"wp:featuredmedia":[{"embeddable":true,"href":"https:\/\/www.sitem.fr\/en\/wp-json\/wp\/v2\/media\/8973"}],"wp:attachment":[{"href":"https:\/\/www.sitem.fr\/en\/wp-json\/wp\/v2\/media?parent=9027"}],"wp:term":[{"taxonomy":"category","embeddable":true,"href":"https:\/\/www.sitem.fr\/en\/wp-json\/wp\/v2\/categories?post=9027"},{"taxonomy":"post_tag","embeddable":true,"href":"https:\/\/www.sitem.fr\/en\/wp-json\/wp\/v2\/tags?post=9027"}],"curies":[{"name":"wp","href":"https:\/\/api.w.org\/{rel}","templated":true}]}}