{"id":9039,"date":"2017-09-29T10:27:44","date_gmt":"2017-09-29T08:27:44","guid":{"rendered":"https:\/\/www.sitem.fr\/?p=9039"},"modified":"2017-10-02T11:36:46","modified_gmt":"2017-10-02T09:36:46","slug":"cloisons-mba-france-collectivite-territoriale-de-corse","status":"publish","type":"post","link":"https:\/\/www.sitem.fr\/en\/cloisons-mba-france-collectivite-territoriale-de-corse\/","title":{"rendered":"Des cloisons MBA France pour la Collectivit\u00e9 Territoriale de Corse"},"content":{"rendered":"<p style=\"text-align: justify;\">A l&#8217;occasion des 34\u00e8me Journ\u00e9es Europ\u00e9ennes du Patrimoine, <strong>MBA France<\/strong> a \u00e9quip\u00e9 la Collectivit\u00e9 Territoriale de Corse \u00e0 Ajaccio de ses cloisons Scenario.<\/p>\n<p style=\"text-align: justify;\">Cloison modulaire sp\u00e9cialement pens\u00e9e pour les expositions artistiques de petite ou moyenne taille, Scenario est l\u00e9g\u00e8re, r\u00e9sistante et d&#8217;un montage-d\u00e9montage extr\u00eamement ais\u00e9 puisque sa manipulation ne n\u00e9cessite la force que d&#8217;une seule personne.<br \/>\nSa technologie repose sur un syst\u00e8me extr\u00eamement simple de construction par emboitement qui offre le grand avantage d&#8217;une possibilit\u00e9 de multitude d\u2019implantations diff\u00e9rentes.<\/p>\n<p style=\"text-align: justify;\"><a href=\"https:\/\/www.sitem.fr\/wp-content\/uploads\/2017\/09\/gal-6298228.jpg\"><img loading=\"lazy\" decoding=\"async\" class=\"aligncenter size-full wp-image-8963\" src=\"https:\/\/www.sitem.fr\/wp-content\/uploads\/2017\/09\/gal-6298228.jpg\" alt=\"cloisons-mba-france-collectivite-territoriale-corse\" width=\"640\" height=\"480\" srcset=\"https:\/\/www.sitem.fr\/wp-content\/uploads\/2017\/09\/gal-6298228.jpg 640w, https:\/\/www.sitem.fr\/wp-content\/uploads\/2017\/09\/gal-6298228-600x450.jpg 600w, https:\/\/www.sitem.fr\/wp-content\/uploads\/2017\/09\/gal-6298228-587x440.jpg 587w, https:\/\/www.sitem.fr\/wp-content\/uploads\/2017\/09\/gal-6298228-300x225.jpg 300w, https:\/\/www.sitem.fr\/wp-content\/uploads\/2017\/09\/gal-6298228-80x60.jpg 80w\" sizes=\"auto, (max-width: 640px) 100vw, 640px\" \/><\/a> <a href=\"https:\/\/www.sitem.fr\/wp-content\/uploads\/2017\/09\/gal-6298428.jpg\"><img loading=\"lazy\" decoding=\"async\" class=\"aligncenter size-full wp-image-8964\" src=\"https:\/\/www.sitem.fr\/wp-content\/uploads\/2017\/09\/gal-6298428.jpg\" alt=\"cloisons-mba-france-collectivite-territoriale-corse\" width=\"640\" height=\"480\" srcset=\"https:\/\/www.sitem.fr\/wp-content\/uploads\/2017\/09\/gal-6298428.jpg 640w, https:\/\/www.sitem.fr\/wp-content\/uploads\/2017\/09\/gal-6298428-600x450.jpg 600w, https:\/\/www.sitem.fr\/wp-content\/uploads\/2017\/09\/gal-6298428-300x225.jpg 300w, https:\/\/www.sitem.fr\/wp-content\/uploads\/2017\/09\/gal-6298428-80x60.jpg 80w\" sizes=\"auto, (max-width: 640px) 100vw, 640px\" \/><\/a> <a href=\"https:\/\/www.sitem.fr\/wp-content\/uploads\/2017\/09\/gal-6298429.jpg\"><img loading=\"lazy\" decoding=\"async\" class=\"aligncenter size-full wp-image-8965\" src=\"https:\/\/www.sitem.fr\/wp-content\/uploads\/2017\/09\/gal-6298429.jpg\" alt=\"cloisons-mba-france-collectivite-territoriale-corse\" width=\"640\" height=\"480\" srcset=\"https:\/\/www.sitem.fr\/wp-content\/uploads\/2017\/09\/gal-6298429.jpg 640w, https:\/\/www.sitem.fr\/wp-content\/uploads\/2017\/09\/gal-6298429-600x450.jpg 600w, https:\/\/www.sitem.fr\/wp-content\/uploads\/2017\/09\/gal-6298429-300x225.jpg 300w, https:\/\/www.sitem.fr\/wp-content\/uploads\/2017\/09\/gal-6298429-80x60.jpg 80w\" sizes=\"auto, (max-width: 640px) 100vw, 640px\" \/><\/a>L\u00e9gendes et cr\u00e9dits des visuels : Cloisons Scenario MBA France pour la Collectivit\u00e9 Territoriale de Corse. \u00a9Collectivit\u00e9 Territoriale de Corse.<\/p>\n<p style=\"text-align: justify;\"><a href=\"http:\/\/www.mba-france.fr\" target=\"_blank\">www.mba-france.fr<\/a><\/p>\n<p style=\"text-align: justify;\"><strong>Consultez la <a href=\"http:\/\/www.museumexperts.com\/nos_services\/annuaire\/prestataire\/1442\" target=\"_blank\">Fiche Annuaire<\/a> de MBA FRANCE <\/strong><\/p>\n","protected":false},"excerpt":{"rendered":"A l&#8217;occasion des 34\u00e8me Journ\u00e9es Europ\u00e9ennes du Patrimoine, MBA France a \u00e9quip\u00e9 la Collectivit\u00e9 Territoriale de Corse \u00e0 Ajaccio de ses cloisons Scenario. Cloison modulaire sp\u00e9cialement pens\u00e9e pour les expositions artistiques de petite ou moyenne taille, Scenario est l\u00e9g\u00e8re, r\u00e9sistante et d&#8217;un montage-d\u00e9montage extr\u00eamement ais\u00e9 puisque sa manipulation ne n\u00e9cessite la force que d&#8217;une seule&#8230; <br><a class=\"readm\" href=\"https:\/\/www.sitem.fr\/en\/cloisons-mba-france-collectivite-territoriale-de-corse\/\">Read more<\/a>","protected":false},"author":2,"featured_media":8963,"comment_status":"open","ping_status":"open","sticky":false,"template":"","format":"standard","meta":{"_acf_changed":false,"footnotes":""},"categories":[139],"tags":[14],"class_list":["post-9039","post","type-post","status-publish","format-standard","has-post-thumbnail","hentry","category-cloisons","tag-mba-france"],"acf":[],"_links":{"self":[{"href":"https:\/\/www.sitem.fr\/en\/wp-json\/wp\/v2\/posts\/9039","targetHints":{"allow":["GET"]}}],"collection":[{"href":"https:\/\/www.sitem.fr\/en\/wp-json\/wp\/v2\/posts"}],"about":[{"href":"https:\/\/www.sitem.fr\/en\/wp-json\/wp\/v2\/types\/post"}],"author":[{"embeddable":true,"href":"https:\/\/www.sitem.fr\/en\/wp-json\/wp\/v2\/users\/2"}],"replies":[{"embeddable":true,"href":"https:\/\/www.sitem.fr\/en\/wp-json\/wp\/v2\/comments?post=9039"}],"version-history":[{"count":2,"href":"https:\/\/www.sitem.fr\/en\/wp-json\/wp\/v2\/posts\/9039\/revisions"}],"predecessor-version":[{"id":9042,"href":"https:\/\/www.sitem.fr\/en\/wp-json\/wp\/v2\/posts\/9039\/revisions\/9042"}],"wp:featuredmedia":[{"embeddable":true,"href":"https:\/\/www.sitem.fr\/en\/wp-json\/wp\/v2\/media\/8963"}],"wp:attachment":[{"href":"https:\/\/www.sitem.fr\/en\/wp-json\/wp\/v2\/media?parent=9039"}],"wp:term":[{"taxonomy":"category","embeddable":true,"href":"https:\/\/www.sitem.fr\/en\/wp-json\/wp\/v2\/categories?post=9039"},{"taxonomy":"post_tag","embeddable":true,"href":"https:\/\/www.sitem.fr\/en\/wp-json\/wp\/v2\/tags?post=9039"}],"curies":[{"name":"wp","href":"https:\/\/api.w.org\/{rel}","templated":true}]}}