{"id":9052,"date":"2017-10-31T08:26:02","date_gmt":"2017-10-31T07:26:02","guid":{"rendered":"https:\/\/www.sitem.fr\/?p=9052"},"modified":"2017-10-31T10:53:34","modified_gmt":"2017-10-31T09:53:34","slug":"agence-acces-libres-familistere-de-guise","status":"publish","type":"post","link":"https:\/\/www.sitem.fr\/en\/agence-acces-libres-familistere-de-guise\/","title":{"rendered":"L\u2019Agence Acc\u00e8s Libres au Familist\u00e8re de Guise"},"content":{"rendered":"<p style=\"text-align: justify;\">Parce que l\u2019accessibilit\u00e9 doit \u00eatre un projet d\u2019\u00e9tablissement, c\u2019est un accompagnement global que l&#8217;agence <strong>Acc\u00e8s Libres<\/strong> a men\u00e9 aupr\u00e8s des \u00e9quipes du <a href=\"https:\/\/www.familistere.com\/\" target=\"_blank\">Familist\u00e8re<\/a> (Aisne).<\/p>\n<p style=\"text-align: justify;\">Apr\u00e8s environ un an de travail, les dispositifs con\u00e7us sont en cours d\u2019installation\u00a0: maquettes visuo-tactiles pour mieux comprendre le site et son architecture, livrets d\u2019aide \u00e0 la visite dont FALC, parcours audio-tactile embarqu\u00e9, renforcement de la signal\u00e9tique, mini-site Internet pour pr\u00e9parer la visite\u2026<\/p>\n<p style=\"text-align: justify;\">L&#8217;agence <strong>Acc\u00e8s Libres<\/strong> a \u00e9galement r\u00e9alis\u00e9 des formations cibl\u00e9es \u00ab\u00a0m\u00e9tiers\u00a0\u00bb pour l\u2019ensemble des acteurs\u00a0: agents d\u2019accueil, m\u00e9diateurs, charg\u00e9s de communication, responsable des publics&#8230;<\/p>\n<div id=\"attachment_9053\" style=\"width: 432px\" class=\"wp-caption aligncenter\"><a href=\"https:\/\/www.sitem.fr\/wp-content\/uploads\/2017\/10\/FAM_MAQ_PAVCENTRAL.jpeg\"><img loading=\"lazy\" decoding=\"async\" aria-describedby=\"caption-attachment-9053\" class=\" wp-image-9053\" src=\"https:\/\/www.sitem.fr\/wp-content\/uploads\/2017\/10\/FAM_MAQ_PAVCENTRAL.jpeg\" alt=\"Familist\u00e8re de Guise - Maquette\" width=\"422\" height=\"320\" \/><\/a><p id=\"caption-attachment-9053\" class=\"wp-caption-text\">Maquette du Pavillon central d\u00e9ploy\u00e9e en trois \u00e9tapes, par Tactile Studio.<br \/>\u00a9agenceacceslibres<\/p><\/div>\n<div id=\"attachment_9054\" style=\"width: 438px\" class=\"wp-caption aligncenter\"><a href=\"https:\/\/www.sitem.fr\/wp-content\/uploads\/2017\/10\/FAM_PLAN-ORIENTATION.jpeg\"><img loading=\"lazy\" decoding=\"async\" aria-describedby=\"caption-attachment-9054\" class=\" wp-image-9054\" src=\"https:\/\/www.sitem.fr\/wp-content\/uploads\/2017\/10\/FAM_PLAN-ORIENTATION.jpeg\" alt=\"Familist\u00e8re de Guise - Plan d'orientation\" width=\"428\" height=\"323\" srcset=\"https:\/\/www.sitem.fr\/wp-content\/uploads\/2017\/10\/FAM_PLAN-ORIENTATION-300x225.jpeg 300w, https:\/\/www.sitem.fr\/wp-content\/uploads\/2017\/10\/FAM_PLAN-ORIENTATION-80x60.jpeg 80w\" sizes=\"auto, (max-width: 428px) 100vw, 428px\" \/><\/a><p id=\"caption-attachment-9054\" class=\"wp-caption-text\">Plan d\u2019orientation visuel et tactile, par Tactile Studio.<br \/>Les couleurs d\u00e9di\u00e9es \u00e0 chaque espace sont syst\u00e9matiquement reprises dans le renforcement de la signal\u00e9tique et dans les livrets d\u2019aide \u00e0 la visite.<br \/>\u00a9agenceacceslibres<\/p><\/div>\n<p style=\"text-align: justify;\">Pour ce projet de grande ampleur, <strong>Acc\u00e8s Libres<\/strong> a collabor\u00e9 avec de nombreux acteurs\u00a0: Anima Viva (production multim\u00e9dia), AnyBug (multim\u00e9dia, web), Boscher signal\u00e9tique, Le Bureau du S\u00e9rif (graphisme), Tactile Studio (maquettes, manip), Elo\u00efse Auffret (FALC), Claire Bizingre (accessibilit\u00e9 num\u00e9rique), Laville impression (livrets tactiles), Tolerie Simon (mobilier) et des associations comme l\u2019APEI de Saint Quentin, l\u2019UAPH02.<\/p>\n<p style=\"text-align: justify;\">L&#8217;agence <strong>Acc\u00e8s Libres<\/strong> participera au prochain SITEM, salon international des mus\u00e9es, lieux de culture et de tourisme (23-25 janvier 2018, Les Docks &#8211; Cit\u00e9 de la mode et du design). Le 25 janvier \u00e0 14heures, <strong>Acc\u00e8s Libres<\/strong> y pr\u00e9sentera un atelier sur cette mission d&#8217;accompagnement en accessibilit\u00e9 pour le Familist\u00e8re de Guise.<br \/>\nLes inscriptions seront ouvertes mi-novembre via le site internet <a href=\"http:\/\/www.museumexperts.com\" target=\"_blank\">www.museumexperts.com<\/a>.<\/p>\n<p style=\"text-align: justify;\"><a href=\"http:\/\/www.agenceacceslibres.fr\/\" target=\"_blank\">www.agenceacceslibres.fr<\/a><\/p>\n<p style=\"text-align: justify;\"><strong>Consultez la <a href=\"http:\/\/www.museumexperts.com\/nos_services\/annuaire\/prestataire\/4661\" target=\"_blank\">Fiche Annuaire<\/a> de l&#8217;AGENCE ACCES LIBRES<\/strong><\/p>\n","protected":false},"excerpt":{"rendered":"Parce que l\u2019accessibilit\u00e9 doit \u00eatre un projet d\u2019\u00e9tablissement, c\u2019est un accompagnement global que l&#8217;agence Acc\u00e8s Libres a men\u00e9 aupr\u00e8s des \u00e9quipes du Familist\u00e8re (Aisne). Apr\u00e8s environ un an de travail, les dispositifs con\u00e7us sont en cours d\u2019installation\u00a0: maquettes visuo-tactiles pour mieux comprendre le site et son architecture, livrets d\u2019aide \u00e0 la visite dont FALC, parcours&#8230; <br><a class=\"readm\" href=\"https:\/\/www.sitem.fr\/en\/agence-acces-libres-familistere-de-guise\/\">Read more<\/a>","protected":false},"author":2,"featured_media":9053,"comment_status":"open","ping_status":"open","sticky":false,"template":"","format":"standard","meta":{"_acf_changed":false,"footnotes":""},"categories":[87],"tags":[458,498],"class_list":["post-9052","post","type-post","status-publish","format-standard","has-post-thumbnail","hentry","category-accessibilite","tag-acces-libres","tag-familistere-de-guise"],"acf":[],"_links":{"self":[{"href":"https:\/\/www.sitem.fr\/en\/wp-json\/wp\/v2\/posts\/9052","targetHints":{"allow":["GET"]}}],"collection":[{"href":"https:\/\/www.sitem.fr\/en\/wp-json\/wp\/v2\/posts"}],"about":[{"href":"https:\/\/www.sitem.fr\/en\/wp-json\/wp\/v2\/types\/post"}],"author":[{"embeddable":true,"href":"https:\/\/www.sitem.fr\/en\/wp-json\/wp\/v2\/users\/2"}],"replies":[{"embeddable":true,"href":"https:\/\/www.sitem.fr\/en\/wp-json\/wp\/v2\/comments?post=9052"}],"version-history":[{"count":1,"href":"https:\/\/www.sitem.fr\/en\/wp-json\/wp\/v2\/posts\/9052\/revisions"}],"predecessor-version":[{"id":9055,"href":"https:\/\/www.sitem.fr\/en\/wp-json\/wp\/v2\/posts\/9052\/revisions\/9055"}],"wp:featuredmedia":[{"embeddable":true,"href":"https:\/\/www.sitem.fr\/en\/wp-json\/wp\/v2\/media\/9053"}],"wp:attachment":[{"href":"https:\/\/www.sitem.fr\/en\/wp-json\/wp\/v2\/media?parent=9052"}],"wp:term":[{"taxonomy":"category","embeddable":true,"href":"https:\/\/www.sitem.fr\/en\/wp-json\/wp\/v2\/categories?post=9052"},{"taxonomy":"post_tag","embeddable":true,"href":"https:\/\/www.sitem.fr\/en\/wp-json\/wp\/v2\/tags?post=9052"}],"curies":[{"name":"wp","href":"https:\/\/api.w.org\/{rel}","templated":true}]}}