{"id":9056,"date":"2017-10-31T08:20:15","date_gmt":"2017-10-31T07:20:15","guid":{"rendered":"https:\/\/www.sitem.fr\/?p=9056"},"modified":"2017-10-31T11:13:48","modified_gmt":"2017-10-31T10:13:48","slug":"agence-privee-nouvelle-realisation-fondation-vincent-van-gogh-arles","status":"publish","type":"post","link":"https:\/\/www.sitem.fr\/en\/agence-privee-nouvelle-realisation-fondation-vincent-van-gogh-arles\/","title":{"rendered":"L&#8217;Agence Priv\u00e9e : nouvelle r\u00e9alisation pour la Fondation Vincent Van Gogh Arles"},"content":{"rendered":"<p><strong>L&#8217;Agence Priv\u00e9e<\/strong> r\u00e9alise la sc\u00e9nographie de l&#8217;exposition &#8220;La Vie simple \u2013 Simplement la vie&#8221; pr\u00e9sent\u00e9e du 07 octobre 2017 au 02 avril 2018 \u00e0 la Fondation Vincent Van Gogh, Arles.<\/p>\n<p style=\"text-align: justify;\">L&#8217;exposition collective de la rentr\u00e9e 2017 r\u00e9unit une s\u00e9lection d\u2019\u0153uvres d&#8217;artistes contemporains et historiques qui mettent en relief nos conceptions de styles de vie tourn\u00e9s vers la simplicit\u00e9. Jouant la carte des associations libres,\u00a0&#8220;La Vie simple \u2013 Simplement la vie&#8221; puise dans les fantasmes et \u00e9lans nostalgiques que son titre m\u00eame convoque.<br \/>\nCon\u00e7ues sp\u00e9cialement pour l&#8217;exposition ou peu expos\u00e9es en France, les \u0153uvres de &#8220;La Vie simple \u2013 Simplement la vie&#8221; \u00e9voquent les diff\u00e9rents aspects que le terme de &#8220;simplicit\u00e9&#8221; rev\u00eat&#8230; Les contributions des artistes contemporains permettent aussi de d\u00e9construire le mythe d&#8217;un style de vie orient\u00e9 vers l&#8217;apaisement et l&#8217;\u00e9pure.<\/p>\n<p style=\"text-align: justify;\">La mise en espace de l&#8217;exposition int\u00e9rieur \/ ext\u00e9rieur, homme \/ animal.. est surprenante autant que les \u00e9v\u00e9nements qui s&#8217;y pr\u00e9sentent&#8230;<\/p>\n<p style=\"text-align: justify;\"><a href=\"https:\/\/www.sitem.fr\/wp-content\/uploads\/2017\/10\/la-vie-simple-1.jpg\"><img loading=\"lazy\" decoding=\"async\" class=\"aligncenter wp-image-9057\" src=\"https:\/\/www.sitem.fr\/wp-content\/uploads\/2017\/10\/la-vie-simple-1.jpg\" alt=\"la vie simple - simplement la vie - fondation vincent van gogh - arles - 1\" width=\"488\" height=\"369\" \/><\/a> <a href=\"https:\/\/www.sitem.fr\/wp-content\/uploads\/2017\/10\/la-vie-simple-2.jpg\"><img loading=\"lazy\" decoding=\"async\" class=\"aligncenter wp-image-9058\" src=\"https:\/\/www.sitem.fr\/wp-content\/uploads\/2017\/10\/la-vie-simple-2.jpg\" alt=\"la vie simple - simplement la vie - fondation vincent van gogh - arles - 2\" width=\"488\" height=\"369\" \/><\/a> <a href=\"https:\/\/www.sitem.fr\/wp-content\/uploads\/2017\/10\/la-vie-simple-3.jpg\"><img loading=\"lazy\" decoding=\"async\" class=\"aligncenter wp-image-9059\" src=\"https:\/\/www.sitem.fr\/wp-content\/uploads\/2017\/10\/la-vie-simple-3.jpg\" alt=\"la vie simple - simplement la vie - fondation vincent van gogh - arles - 3\" width=\"488\" height=\"369\" \/><\/a>L\u00e9gendes et cr\u00e9dits des visuels : Exposition &#8220;La Vie simple \u2013 Simplement la vie&#8221; (7 octobre 2017 &#8211; 2 avril 2018), Fondation Vincent Van Gogh, Arles. \u00a9L&#8217;AGENCE PRIVEE.<\/p>\n<p style=\"text-align: justify;\"><a href=\"http:\/\/www.agence-privee.org\/\" target=\"_blank\">www.agence-privee.fr<\/a><\/p>\n<p style=\"text-align: justify;\"><strong>Consultez la <a href=\"http:\/\/www.museumexperts.com\/nos_services\/annuaire\/prestataire\/4341\" target=\"_blank\">Fiche Annuaire<\/a> de L&#8217;AGENCE PRIVEE <\/strong><\/p>\n","protected":false},"excerpt":{"rendered":"L&#8217;Agence Priv\u00e9e r\u00e9alise la sc\u00e9nographie de l&#8217;exposition &#8220;La Vie simple \u2013 Simplement la vie&#8221; pr\u00e9sent\u00e9e du 07 octobre 2017 au 02 avril 2018 \u00e0 la Fondation Vincent Van Gogh, Arles. L&#8217;exposition collective de la rentr\u00e9e 2017 r\u00e9unit une s\u00e9lection d\u2019\u0153uvres d&#8217;artistes contemporains et historiques qui mettent en relief nos conceptions de styles de vie tourn\u00e9s&#8230; <br><a class=\"readm\" href=\"https:\/\/www.sitem.fr\/en\/agence-privee-nouvelle-realisation-fondation-vincent-van-gogh-arles\/\">Read more<\/a>","protected":false},"author":2,"featured_media":9058,"comment_status":"open","ping_status":"open","sticky":false,"template":"","format":"standard","meta":{"_acf_changed":false,"footnotes":""},"categories":[1],"tags":[439,423],"class_list":["post-9056","post","type-post","status-publish","format-standard","has-post-thumbnail","hentry","category-non-classifiee","tag-agence-privee-scenographie","tag-fondation-vincent-van-gogh"],"acf":[],"_links":{"self":[{"href":"https:\/\/www.sitem.fr\/en\/wp-json\/wp\/v2\/posts\/9056","targetHints":{"allow":["GET"]}}],"collection":[{"href":"https:\/\/www.sitem.fr\/en\/wp-json\/wp\/v2\/posts"}],"about":[{"href":"https:\/\/www.sitem.fr\/en\/wp-json\/wp\/v2\/types\/post"}],"author":[{"embeddable":true,"href":"https:\/\/www.sitem.fr\/en\/wp-json\/wp\/v2\/users\/2"}],"replies":[{"embeddable":true,"href":"https:\/\/www.sitem.fr\/en\/wp-json\/wp\/v2\/comments?post=9056"}],"version-history":[{"count":4,"href":"https:\/\/www.sitem.fr\/en\/wp-json\/wp\/v2\/posts\/9056\/revisions"}],"predecessor-version":[{"id":9185,"href":"https:\/\/www.sitem.fr\/en\/wp-json\/wp\/v2\/posts\/9056\/revisions\/9185"}],"wp:featuredmedia":[{"embeddable":true,"href":"https:\/\/www.sitem.fr\/en\/wp-json\/wp\/v2\/media\/9058"}],"wp:attachment":[{"href":"https:\/\/www.sitem.fr\/en\/wp-json\/wp\/v2\/media?parent=9056"}],"wp:term":[{"taxonomy":"category","embeddable":true,"href":"https:\/\/www.sitem.fr\/en\/wp-json\/wp\/v2\/categories?post=9056"},{"taxonomy":"post_tag","embeddable":true,"href":"https:\/\/www.sitem.fr\/en\/wp-json\/wp\/v2\/tags?post=9056"}],"curies":[{"name":"wp","href":"https:\/\/api.w.org\/{rel}","templated":true}]}}