{"id":9083,"date":"2017-10-31T08:25:00","date_gmt":"2017-10-31T07:25:00","guid":{"rendered":"https:\/\/www.sitem.fr\/?p=9083"},"modified":"2018-10-08T17:25:15","modified_gmt":"2018-10-08T15:25:15","slug":"fabrique-creative-voyage-1900-centre-historique-minier-lewarde","status":"publish","type":"post","link":"https:\/\/www.sitem.fr\/en\/fabrique-creative-voyage-1900-centre-historique-minier-lewarde\/","title":{"rendered":"La fabrique cr\u00e9ative : &#8220;Voyage en 1900&#8230;&#8221; pour le Centre Historique Minier de Lewarde"},"content":{"rendered":"<p style=\"text-align: justify;\"><a href=\"https:\/\/www.sitem.fr\/wp-content\/uploads\/2017\/10\/MSM-MuseuExpert-1900.jpg\"><img loading=\"lazy\" decoding=\"async\" class=\"aligncenter size-full wp-image-9084\" src=\"https:\/\/www.sitem.fr\/wp-content\/uploads\/2017\/10\/MSM-MuseuExpert-1900.jpg\" alt=\"la fabrique cr\u00e9ative voyage en 1900 CHM Lewarde\" width=\"2983\" height=\"982\" \/><\/a><strong>La fabrique cr\u00e9ative<\/strong> vient de concevoir pour le <a href=\"http:\/\/www.chm-lewarde.com\/fr\/\" target=\"_blank\">Centre Historique Minier de Lewarde<\/a>, dans le Nord, l\u2019exposition \u00ab\u00a0Voyage en 1900, des mondes souterrains \u00e0 la lumi\u00e8re\u00a0\u00bb.<br \/>\nLe visiteur se retrouve en 1900, dans les souterrains du Palais du Trocad\u00e9ro. Cette ann\u00e9e-l\u00e0, l\u2019Exposition universelle pr\u00e9sente aux visiteurs une reconstitution grandeur nature de galerie de mine. V\u00e9ritable ensemble architectural et technologique, l\u2019Exposition universelle de 1900 marque notamment un tournant important dans l\u2019histoire de l\u2019\u00e9lectricit\u00e9.<br \/>\nLa sc\u00e9nographie plonge le visiteur dans une ambiance particuli\u00e8re o\u00f9 documents d\u2019archives, objets, ambiances sonores et projections num\u00e9riques nous permettent de comprendre le r\u00f4le jou\u00e9 par ces expositions universelles sur notre soci\u00e9t\u00e9.<\/p>\n<p style=\"text-align: justify;\">Exposition pr\u00e9sent\u00e9e du 29 mai au 31 d\u00e9cembre 2017, Centre Historique Minier de Lewarde.<\/p>\n<p style=\"text-align: justify;\">Ma\u00eetre d&#8217;ouvrage : EPCC CHM<br \/>\nSc\u00e9nographie, graphisme d&#8217;exposition et de communication : La Fabrique Cr\u00e9ative<\/p>\n<p style=\"text-align: justify;\">www.la-fabrique-creative.fr et sur <a href=\"https:\/\/www.facebook.com\/La-fabrique-cr%C3%A9ative-267993320032069\/\" target=\"_blank\">Facebook<\/a><\/p>\n<p style=\"text-align: justify;\"><strong>Consultez la <a href=\"http:\/\/www.museumexperts.com\/nos_services\/annuaire\/prestataire\/2399\" target=\"_blank\">Fiche Annuaire<\/a> de LA FABRIQUE CR\u00c9ATIVE <\/strong><\/p>\n","protected":false},"excerpt":{"rendered":"La fabrique cr\u00e9ative vient de concevoir pour le Centre Historique Minier de Lewarde, dans le Nord, l\u2019exposition \u00ab\u00a0Voyage en 1900, des mondes souterrains \u00e0 la lumi\u00e8re\u00a0\u00bb. Le visiteur se retrouve en 1900, dans les souterrains du Palais du Trocad\u00e9ro. Cette ann\u00e9e-l\u00e0, l\u2019Exposition universelle pr\u00e9sente aux visiteurs une reconstitution grandeur nature de galerie de mine. V\u00e9ritable&#8230; <br><a class=\"readm\" href=\"https:\/\/www.sitem.fr\/en\/fabrique-creative-voyage-1900-centre-historique-minier-lewarde\/\">Read more<\/a>","protected":false},"author":2,"featured_media":9085,"comment_status":"open","ping_status":"open","sticky":false,"template":"","format":"standard","meta":{"_acf_changed":false,"footnotes":""},"categories":[1],"tags":[501,44],"class_list":["post-9083","post","type-post","status-publish","format-standard","has-post-thumbnail","hentry","category-non-classifiee","tag-centre-historique-minier-lewarde","tag-la-fabrique-creative"],"acf":[],"_links":{"self":[{"href":"https:\/\/www.sitem.fr\/en\/wp-json\/wp\/v2\/posts\/9083","targetHints":{"allow":["GET"]}}],"collection":[{"href":"https:\/\/www.sitem.fr\/en\/wp-json\/wp\/v2\/posts"}],"about":[{"href":"https:\/\/www.sitem.fr\/en\/wp-json\/wp\/v2\/types\/post"}],"author":[{"embeddable":true,"href":"https:\/\/www.sitem.fr\/en\/wp-json\/wp\/v2\/users\/2"}],"replies":[{"embeddable":true,"href":"https:\/\/www.sitem.fr\/en\/wp-json\/wp\/v2\/comments?post=9083"}],"version-history":[{"count":2,"href":"https:\/\/www.sitem.fr\/en\/wp-json\/wp\/v2\/posts\/9083\/revisions"}],"predecessor-version":[{"id":10845,"href":"https:\/\/www.sitem.fr\/en\/wp-json\/wp\/v2\/posts\/9083\/revisions\/10845"}],"wp:featuredmedia":[{"embeddable":true,"href":"https:\/\/www.sitem.fr\/en\/wp-json\/wp\/v2\/media\/9085"}],"wp:attachment":[{"href":"https:\/\/www.sitem.fr\/en\/wp-json\/wp\/v2\/media?parent=9083"}],"wp:term":[{"taxonomy":"category","embeddable":true,"href":"https:\/\/www.sitem.fr\/en\/wp-json\/wp\/v2\/categories?post=9083"},{"taxonomy":"post_tag","embeddable":true,"href":"https:\/\/www.sitem.fr\/en\/wp-json\/wp\/v2\/tags?post=9083"}],"curies":[{"name":"wp","href":"https:\/\/api.w.org\/{rel}","templated":true}]}}