{"id":9176,"date":"2017-10-31T08:18:22","date_gmt":"2017-10-31T07:18:22","guid":{"rendered":"https:\/\/www.sitem.fr\/?p=9176"},"modified":"2017-10-31T10:48:49","modified_gmt":"2017-10-31T09:48:49","slug":"question-de-style-goppion-musee-yves-saint-laurent-paris","status":"publish","type":"post","link":"https:\/\/www.sitem.fr\/en\/question-de-style-goppion-musee-yves-saint-laurent-paris\/","title":{"rendered":"Question de style. Goppion au Mus\u00e9e Yves Saint Laurent Paris"},"content":{"rendered":"<p style=\"text-align: justify;\">Le g\u00e9nie du couturier Yves Saint Laurent, son cheminement cr\u00e9atif du croquis original au mod\u00e8le, les esquisses, les dessins de collection, les accessoires et les objets personnels du c\u00e9l\u00e8bre magicien du tissu\u00a0: quarante ans de cr\u00e9ations conserv\u00e9s dans deux mus\u00e9es qui racontent, de Paris \u00e0 Marrakech, l&#8217;histoire de l&#8217;un des plus c\u00e9l\u00e8bres cr\u00e9ateurs de mode du XX<sup>e <\/sup>si\u00e8cle.<\/p>\n<p style=\"text-align: justify;\">A Paris, le Mus\u00e9e Yves Saint Laurent\u00a0a ouvert ses salles le 3 octobre dernier\u00a0dans l&#8217;h\u00f4tel particulier Second Empire de l&#8217;Avenue Marceau o\u00f9, depuis 1974, le couturier, grand amateur d&#8217;art, a anim\u00e9 la c\u00e9l\u00e8bre maison de haute couture, con\u00e7u ses cr\u00e9ations et r\u00e9uni, avec son compagnon de vie Pierre Berg\u00e9 (qui\u00a0a disparu\u00a0\u00e0 quelques jours de son inauguration), une collection de plus de 700 \u0153uvres d&#8217;art qui comprenait des tableaux de Picasso, Matisse, Van Gogh. En 2002, apr\u00e8s la fermeture de la Maison, l&#8217;h\u00f4tel particulier de l&#8217;Avenue Marceau est devenu le si\u00e8ge de la Fondation et abrite aujourd&#8217;hui l&#8217;un des mus\u00e9es les plus attendus de Paris.<\/p>\n<p style=\"text-align: justify;\">Olivier Flaviano, directeur de ce nouveau mus\u00e9e, Aur\u00e9lie Samuel, historienne de l&#8217;art et conservatrice du patrimoine qui a collabor\u00e9 pendant plus de quinze ans avec le Mus\u00e9e Guimet, la sc\u00e9nographe Nathalie Crini\u00e8re et le d\u00e9corateur Jacques Grange, auteurs du projet qui ont d\u00e9j\u00e0 organis\u00e9 de nombreuses expositions de la Maison, ont \u00e9t\u00e9 les artisans de l&#8217;ouverture dans la capitale de la mode de ce qui s&#8217;annonce \u00eatre \u201cun mus\u00e9e de la connaissance, de la reconnaissance et de l&#8217;interconnaissance\u201d. Une collection importante appartenant \u00e0 la Fondation Pierre Berg\u00e9 &#8211; Yves Saint Laurent qui s&#8217;enorgueillit aujourd&#8217;hui d&#8217;un patrimoine d&#8217;environ 5000 mod\u00e8les, et dont quelques-uns ont \u00e9t\u00e9 r\u00e9alis\u00e9s par Saint Laurent lorsqu&#8217;il \u00e9tait encore l&#8217;assistant de Christian Dior, avant de devenir le directeur artistique de cette maison de couture.<\/p>\n<p style=\"text-align: justify;\">A l&#8217;instar d&#8217;un client illustre \u00e0 la recherche d&#8217;un v\u00eatement parfait, le visiteur p\u00e9n\u00e8tre dans la Mus\u00e9e par l&#8217;entr\u00e9e historique de la Maison pour se perdre ensuite parmi les mod\u00e8les les plus embl\u00e9matiques de la maison Saint Laurent, entre smokings, trench-coats, sahariennes. Et puis encore les costumes de sc\u00e8ne r\u00e9alis\u00e9s pour des interpr\u00e8tes mythiques, les bijoux utilis\u00e9s par le couturier comme des composants essentiels de son style et le long dialogue, source d&#8217;inspiration, amorc\u00e9 avec artistes et \u00e9crivains, de Mondrian \u00e0 Picasso, de Van Gogh \u00e0 Proust, mod\u00e8les des hommages fantaisistes rendus par Saint Laurent \u00e0 la mode.<br \/>\n<strong>Goppion<\/strong> a \u00e9t\u00e9 choisie par ce client prestigieux pour sa capacit\u00e9 \u00e0 r\u00e9aliser des vitrines de grandes dimensions, aussi raffin\u00e9es sur le plan esth\u00e9tique que fonctionnelles, en mesure de garantir la dur\u00e9e dans le temps les prestations demand\u00e9es. Cette entreprise a mis au point l&#8217;ing\u00e9nierie du mus\u00e9e et r\u00e9alis\u00e9 les grandes vitrines, vitrines tables ou murales, o\u00f9 seront expos\u00e9es les \u0153uvres les plus d\u00e9licates de la collection tout en assurant leur protection.<\/p>\n<p style=\"text-align: justify;\"><a href=\"https:\/\/www.sitem.fr\/wp-content\/uploads\/2017\/10\/D5A8837.jpg\"><img loading=\"lazy\" decoding=\"async\" class=\"aligncenter size-full wp-image-9178\" src=\"https:\/\/www.sitem.fr\/wp-content\/uploads\/2017\/10\/D5A8837.jpg\" alt=\"MUSEE YVES SAINT LAURENT PARIS VITRINES GOPPION\" width=\"5568\" height=\"3712\" \/><\/a> <a href=\"https:\/\/www.sitem.fr\/wp-content\/uploads\/2017\/10\/D5A8774.jpg\"><img loading=\"lazy\" decoding=\"async\" class=\"aligncenter size-full wp-image-9177\" src=\"https:\/\/www.sitem.fr\/wp-content\/uploads\/2017\/10\/D5A8774.jpg\" alt=\"MUSEE YVES SAINT LAURENT PARIS VITRINES GOPPION\" width=\"5204\" height=\"3469\" \/><\/a><\/p>\n<p style=\"text-align: justify;\"><a href=\"https:\/\/www.sitem.fr\/wp-content\/uploads\/2017\/10\/YSL.jpg\"><img loading=\"lazy\" decoding=\"async\" class=\"aligncenter size-full wp-image-9181\" src=\"https:\/\/www.sitem.fr\/wp-content\/uploads\/2017\/10\/YSL.jpg\" alt=\"MUSEE YVES SAINT LAURENT PARIS VITRINES GOPPION\" width=\"1000\" height=\"666\" srcset=\"https:\/\/www.sitem.fr\/wp-content\/uploads\/2017\/10\/YSL.jpg 1000w, https:\/\/www.sitem.fr\/wp-content\/uploads\/2017\/10\/YSL-600x400.jpg 600w, https:\/\/www.sitem.fr\/wp-content\/uploads\/2017\/10\/YSL-300x200.jpg 300w, https:\/\/www.sitem.fr\/wp-content\/uploads\/2017\/10\/YSL-768x511.jpg 768w\" sizes=\"auto, (max-width: 1000px) 100vw, 1000px\" \/><\/a><\/p>\n<p style=\"text-align: justify;\">Les grandes vitrines murales garantissent la solidit\u00e9 structurelle et la stabilit\u00e9 climatique indispensables \u00e0 l&#8217;exposition des croquis ainsi que des prototypes des collections\u00a0: ce sont des v\u00eatements, mais aussi des accessoires faits de mati\u00e8res et de tissus aussi pr\u00e9cieux que fragiles, pr\u00e9sent\u00e9s dans un am\u00e9nagement interne multiforme et multifonctionnel se pr\u00eatant \u00e0 des solutions d&#8217;exposition diff\u00e9rentes. Les grandes ouvertures \u00e0 porte battante assurent aux conservateurs une fonctionnalit\u00e9 maximale et une utilisation optimale des vitrines et de l&#8217;espace d&#8217;exposition.<\/p>\n<p style=\"text-align: justify;\">La plus grande des vitrines <strong>Goppion<\/strong> a les dimensions d&#8217;un salon d&#8217;essayage\u00a0:\u00a0 avec ses angles m\u00e9nag\u00e9s, elle <em>s&#8217;enroule <\/em>litt\u00e9ralement autour du spectateur pour le noyer dans la fable infinie des cr\u00e9ations raffin\u00e9es de la Maison YSL.<\/p>\n<p style=\"text-align: justify;\">Toutes les vitrines sont pourvues de syst\u00e8mes d&#8217;\u00e9clairage internes r\u00e9glables, command\u00e9s \u00e0 distance, pour garantir une intensit\u00e9 lumineuse correcte, ainsi que de syst\u00e8mes de stabilisation et de r\u00e9gulation du climat interne.<\/p>\n<p style=\"text-align: justify;\">La vitrine-table, elle aussi de tr\u00e8s grandes dimensions, est int\u00e9gr\u00e9e dans l&#8217;am\u00e9nagement de la pi\u00e8ce et donne l\u2019illusion d&#8217;\u00eatre suspendue entre deux murs.<\/p>\n<p style=\"text-align: justify;\">Cet espace d&#8217;exposition est compl\u00e9t\u00e9 par un petit \u00e9crin mural destin\u00e9 \u00e0 contenir, par rotation, les \u0153uvres les plus singuli\u00e8res de la Maison dont le caract\u00e8re pr\u00e9cieux est valoris\u00e9 par un syst\u00e8me de micro-spots orientables.<\/p>\n<p style=\"text-align: justify;\">L\u00e9gendes et cr\u00e9dits des visuels : Mus\u00e9e Yves Saint Laurent Paris.<\/p>\n<p style=\"text-align: justify;\"><a href=\"http:\/\/www.goppion.com\/fr\/home\" target=\"_blank\">www.goppion.com<\/a><\/p>\n<p style=\"text-align: justify;\"><strong>Consultez la <a href=\"http:\/\/www.museumexperts.com\/nos_services\/annuaire\/prestataire\/1088\" target=\"_blank\">Fiche Annuaire<\/a> de GOPPION SpA<\/strong><\/p>\n","protected":false},"excerpt":{"rendered":"Le g\u00e9nie du couturier Yves Saint Laurent, son cheminement cr\u00e9atif du croquis original au mod\u00e8le, les esquisses, les dessins de collection, les accessoires et les objets personnels du c\u00e9l\u00e8bre magicien du tissu\u00a0: quarante ans de cr\u00e9ations conserv\u00e9s dans deux mus\u00e9es qui racontent, de Paris \u00e0 Marrakech, l&#8217;histoire de l&#8217;un des plus c\u00e9l\u00e8bres cr\u00e9ateurs de mode&#8230; <br><a class=\"readm\" href=\"https:\/\/www.sitem.fr\/en\/question-de-style-goppion-musee-yves-saint-laurent-paris\/\">Read more<\/a>","protected":false},"author":2,"featured_media":9177,"comment_status":"open","ping_status":"open","sticky":false,"template":"","format":"standard","meta":{"_acf_changed":false,"footnotes":""},"categories":[156],"tags":[94,500,510],"class_list":["post-9176","post","type-post","status-publish","format-standard","has-post-thumbnail","hentry","category-vitrines","tag-goppion","tag-musee-ysl-paris","tag-musee-yves-saint-laurent"],"acf":[],"_links":{"self":[{"href":"https:\/\/www.sitem.fr\/en\/wp-json\/wp\/v2\/posts\/9176","targetHints":{"allow":["GET"]}}],"collection":[{"href":"https:\/\/www.sitem.fr\/en\/wp-json\/wp\/v2\/posts"}],"about":[{"href":"https:\/\/www.sitem.fr\/en\/wp-json\/wp\/v2\/types\/post"}],"author":[{"embeddable":true,"href":"https:\/\/www.sitem.fr\/en\/wp-json\/wp\/v2\/users\/2"}],"replies":[{"embeddable":true,"href":"https:\/\/www.sitem.fr\/en\/wp-json\/wp\/v2\/comments?post=9176"}],"version-history":[{"count":1,"href":"https:\/\/www.sitem.fr\/en\/wp-json\/wp\/v2\/posts\/9176\/revisions"}],"predecessor-version":[{"id":9182,"href":"https:\/\/www.sitem.fr\/en\/wp-json\/wp\/v2\/posts\/9176\/revisions\/9182"}],"wp:featuredmedia":[{"embeddable":true,"href":"https:\/\/www.sitem.fr\/en\/wp-json\/wp\/v2\/media\/9177"}],"wp:attachment":[{"href":"https:\/\/www.sitem.fr\/en\/wp-json\/wp\/v2\/media?parent=9176"}],"wp:term":[{"taxonomy":"category","embeddable":true,"href":"https:\/\/www.sitem.fr\/en\/wp-json\/wp\/v2\/categories?post=9176"},{"taxonomy":"post_tag","embeddable":true,"href":"https:\/\/www.sitem.fr\/en\/wp-json\/wp\/v2\/tags?post=9176"}],"curies":[{"name":"wp","href":"https:\/\/api.w.org\/{rel}","templated":true}]}}