{"id":9279,"date":"2017-11-30T08:22:53","date_gmt":"2017-11-30T07:22:53","guid":{"rendered":"https:\/\/www.sitem.fr\/?p=9279"},"modified":"2017-12-10T19:10:45","modified_gmt":"2017-12-10T18:10:45","slug":"gastronomie-ain-menu-scenographie-agence-privee","status":"publish","type":"post","link":"https:\/\/www.sitem.fr\/en\/gastronomie-ain-menu-scenographie-agence-privee\/","title":{"rendered":"La Gastronomie de l&#8217;Ain &#8220;au menu&#8221; : gourmandise sc\u00e9nographique pour l&#8217;Agence Priv\u00e9e"},"content":{"rendered":"<p style=\"text-align: justify;\"><a href=\"https:\/\/www.sitem.fr\/wp-content\/uploads\/2017\/12\/bandeau-museum-expert-de\u0301cembre.jpg\"><img loading=\"lazy\" decoding=\"async\" class=\"aligncenter size-full wp-image-9208\" src=\"https:\/\/www.sitem.fr\/wp-content\/uploads\/2017\/12\/bandeau-museum-expert-de\u0301cembre.jpg\" alt=\"bandeau museum expert de\u0301cembre\" width=\"3307\" height=\"709\" \/><\/a><\/p>\n<p style=\"text-align: justify;\">Le projet d\u2019exposition 2018 au Mus\u00e9e du Bugey et au Mus\u00e9e de la Bresse \/ Domaine des Planons propose d\u2019installer sur ces deux sites, tr\u00e8s diff\u00e9rents dans leur configuration et leur style architectural, deux expositions autour du th\u00e8me de la gastronomie de l\u2019Ain via la pr\u00e9sentation de collections de menus sur plus d\u2019un si\u00e8cle\u2026<\/p>\n<p style=\"text-align: justify;\">Une r\u00e9alit\u00e9 \u00e0 la fois fonctionnelle et artistique qui permet de balayer astucieusement les th\u00e8mes de la table et les sp\u00e9cialit\u00e9s r\u00e9gionales, sous plusieurs points de vue d\u00e9clin\u00e9s dans le temps :<br \/>\n-\u2009\u2009le volet familial et convivial via la tradition culinaire quotidienne de la r\u00e9gion de l\u2019Ain,<br \/>\n-\u2009\u2009le volet officiel, via les diners diplomatiques et la valorisation de l\u2019image d\u2019un territoire et de ses terroirs,<br \/>\n-\u2009\u2009le volet gastronomique \u00e0 proprement parler, via la cuisine des grands chefs de l\u2019Ain et leur excellence.<\/p>\n<p style=\"text-align: justify;\">L<strong>\u2019Agence Priv\u00e9e<\/strong> a \u00e9t\u00e9 choisie pour concevoir la sc\u00e9nographie de cette exposition&#8230; gourmande !<\/p>\n<p style=\"text-align: justify;\"><a href=\"http:\/\/www.agence-privee.org\/\" target=\"_blank\">www.agence-privee.fr<\/a><\/p>\n<p style=\"text-align: justify;\"><strong>Consultez la <a href=\"http:\/\/www.museumexperts.com\/nos_services\/annuaire\/prestataire\/4341\" target=\"_blank\">Fiche Annuaire<\/a> de L&#8217;AGENCE PRIVEE <\/strong><\/p>\n","protected":false},"excerpt":{"rendered":"Le projet d\u2019exposition 2018 au Mus\u00e9e du Bugey et au Mus\u00e9e de la Bresse \/ Domaine des Planons propose d\u2019installer sur ces deux sites, tr\u00e8s diff\u00e9rents dans leur configuration et leur style architectural, deux expositions autour du th\u00e8me de la gastronomie de l\u2019Ain via la pr\u00e9sentation de collections de menus sur plus d\u2019un si\u00e8cle\u2026 Une&#8230; <br><a class=\"readm\" href=\"https:\/\/www.sitem.fr\/en\/gastronomie-ain-menu-scenographie-agence-privee\/\">Read more<\/a>","protected":false},"author":2,"featured_media":9207,"comment_status":"open","ping_status":"open","sticky":false,"template":"","format":"standard","meta":{"_acf_changed":false,"footnotes":""},"categories":[1],"tags":[439],"class_list":["post-9279","post","type-post","status-publish","format-standard","has-post-thumbnail","hentry","category-non-classifiee","tag-agence-privee-scenographie"],"acf":[],"_links":{"self":[{"href":"https:\/\/www.sitem.fr\/en\/wp-json\/wp\/v2\/posts\/9279","targetHints":{"allow":["GET"]}}],"collection":[{"href":"https:\/\/www.sitem.fr\/en\/wp-json\/wp\/v2\/posts"}],"about":[{"href":"https:\/\/www.sitem.fr\/en\/wp-json\/wp\/v2\/types\/post"}],"author":[{"embeddable":true,"href":"https:\/\/www.sitem.fr\/en\/wp-json\/wp\/v2\/users\/2"}],"replies":[{"embeddable":true,"href":"https:\/\/www.sitem.fr\/en\/wp-json\/wp\/v2\/comments?post=9279"}],"version-history":[{"count":1,"href":"https:\/\/www.sitem.fr\/en\/wp-json\/wp\/v2\/posts\/9279\/revisions"}],"predecessor-version":[{"id":9280,"href":"https:\/\/www.sitem.fr\/en\/wp-json\/wp\/v2\/posts\/9279\/revisions\/9280"}],"wp:featuredmedia":[{"embeddable":true,"href":"https:\/\/www.sitem.fr\/en\/wp-json\/wp\/v2\/media\/9207"}],"wp:attachment":[{"href":"https:\/\/www.sitem.fr\/en\/wp-json\/wp\/v2\/media?parent=9279"}],"wp:term":[{"taxonomy":"category","embeddable":true,"href":"https:\/\/www.sitem.fr\/en\/wp-json\/wp\/v2\/categories?post=9279"},{"taxonomy":"post_tag","embeddable":true,"href":"https:\/\/www.sitem.fr\/en\/wp-json\/wp\/v2\/tags?post=9279"}],"curies":[{"name":"wp","href":"https:\/\/api.w.org\/{rel}","templated":true}]}}