{"id":9322,"date":"2017-11-30T08:15:40","date_gmt":"2017-11-30T07:15:40","guid":{"rendered":"https:\/\/www.sitem.fr\/?p=9322"},"modified":"2018-10-08T17:25:16","modified_gmt":"2018-10-08T15:25:16","slug":"fabrique-creative-exposition-meteorites-museum-national-histoire-naturelle","status":"publish","type":"post","link":"https:\/\/www.sitem.fr\/en\/fabrique-creative-exposition-meteorites-museum-national-histoire-naturelle\/","title":{"rendered":"La fabrique cr\u00e9ative livre l\u2019exposition \u00ab M\u00e9t\u00e9orites \u00bb, pour le Museum National d\u2019Histoire Naturelle"},"content":{"rendered":"<p style=\"text-align: justify;\"><a href=\"https:\/\/www.sitem.fr\/wp-content\/uploads\/2017\/12\/Me\u0301te\u0301orites-MuseuExpert-4.jpg\"><img loading=\"lazy\" decoding=\"async\" class=\"aligncenter size-full wp-image-9249\" src=\"https:\/\/www.sitem.fr\/wp-content\/uploads\/2017\/12\/Me\u0301te\u0301orites-MuseuExpert-4.jpg\" alt=\"Me\u0301te\u0301orites-MNHN-la-fabrique-cr\u00e9ative\" width=\"2983\" height=\"982\" \/><\/a><\/p>\n<p style=\"text-align: justify;\">Un parcours fluide, construit par l\u2019interm\u00e9diaire de formes min\u00e9rales \u00e0 5 faces et de cloisons \u00e0 facettes l\u00e9g\u00e8res, alterne entre diff\u00e9rentes postures, assis, pos\u00e9, debout, allong\u00e9, accroupi, en plong\u00e9e ou contre-plong\u00e9e, et diff\u00e9rentes exp\u00e9riences de visites, contemplation, immersion, espaces actifs, participatifs, instructifs, po\u00e9tiques.<\/p>\n<p style=\"text-align: justify;\">3 parties, 3 temps, 3 moments, avec une premi\u00e8re et une derni\u00e8re parties ouvertes et un espace central con\u00e7u comme une alc\u00f4ve g\u00e9ante, un espace prot\u00e9g\u00e9, un temps de respiration, qui nous transporte dans un voyage intersid\u00e9ral, \u00e0 la d\u00e9couverte des \u00e9toiles, des plan\u00e8tes et bien \u00e9videmment des m\u00e9t\u00e9orites.<\/p>\n<p style=\"text-align: justify;\">Diff\u00e9rents outils de m\u00e9diations invitent le visiteur \u00e0 une d\u00e9ambulation induite, parfois simple spectateur face \u00e0 plus de 350 m\u00e9t\u00e9orites pr\u00e9sent\u00e9es sobrement dans leurs \u00e9crins de verre, parfois totalement acteur, face \u00e0 un m\u00e9dia num\u00e9rique, m\u00e9canique ou sensoriel.<\/p>\n<p style=\"text-align: justify;\">Exposition pr\u00e9sent\u00e9e du 18 octobre 2017 au 10 juin 2018.<\/p>\n<p style=\"text-align: justify;\">Ma\u00eetre d&#8217;ouvrage : Museum National d\u2019Histoire Naturelle.<\/p>\n<p style=\"text-align: justify;\">Conception et ma\u00eetrise d\u2019\u0153uvre de l\u2019exposition temporaire : <strong>La Fabrique Cr\u00e9ative<\/strong>, mandataire du groupement (sc\u00e9nographie, graphisme \/ signal\u00e9tique, conception lumi\u00e8re, conception des dispositifs sp\u00e9ciaux et direction artistique globale), Ame en Science (mus\u00e9ographie), RC audiovisuel (ing\u00e9nierie AV \/ MM), Nokinomo (conception multim\u00e9dia).<\/p>\n<p style=\"text-align: justify;\">www.la-fabrique-creative.fr et sur <a href=\"https:\/\/www.facebook.com\/La-fabrique-cr%C3%A9ative-267993320032069\/\" target=\"_blank\">Facebook<\/a><\/p>\n<p style=\"text-align: justify;\"><strong>Consultez la <a href=\"http:\/\/www.museumexperts.com\/nos_services\/annuaire\/prestataire\/2399\" target=\"_blank\">Fiche Annuaire<\/a> de LA FABRIQUE CR\u00c9ATIVE <\/strong><\/p>\n<p style=\"text-align: justify;\">Retrouvez <strong>La fabrique cr\u00e9ative <\/strong>au <a href=\"http:\/\/sitem2018.site.calypso-event.net\/visiteur\/informations-personnelles.htm\" target=\"_blank\">SITEM 2018<\/a>, sur le stand B15.<\/p>\n","protected":false},"excerpt":{"rendered":"Un parcours fluide, construit par l\u2019interm\u00e9diaire de formes min\u00e9rales \u00e0 5 faces et de cloisons \u00e0 facettes l\u00e9g\u00e8res, alterne entre diff\u00e9rentes postures, assis, pos\u00e9, debout, allong\u00e9, accroupi, en plong\u00e9e ou contre-plong\u00e9e, et diff\u00e9rentes exp\u00e9riences de visites, contemplation, immersion, espaces actifs, participatifs, instructifs, po\u00e9tiques. 3 parties, 3 temps, 3 moments, avec une premi\u00e8re et une derni\u00e8re&#8230; <br><a class=\"readm\" href=\"https:\/\/www.sitem.fr\/en\/fabrique-creative-exposition-meteorites-museum-national-histoire-naturelle\/\">Read more<\/a>","protected":false},"author":2,"featured_media":9248,"comment_status":"open","ping_status":"open","sticky":false,"template":"","format":"standard","meta":{"_acf_changed":false,"footnotes":""},"categories":[1],"tags":[44,382],"class_list":["post-9322","post","type-post","status-publish","format-standard","has-post-thumbnail","hentry","category-non-classifiee","tag-la-fabrique-creative","tag-museum-national-dhistoire-naturelle"],"acf":[],"_links":{"self":[{"href":"https:\/\/www.sitem.fr\/en\/wp-json\/wp\/v2\/posts\/9322","targetHints":{"allow":["GET"]}}],"collection":[{"href":"https:\/\/www.sitem.fr\/en\/wp-json\/wp\/v2\/posts"}],"about":[{"href":"https:\/\/www.sitem.fr\/en\/wp-json\/wp\/v2\/types\/post"}],"author":[{"embeddable":true,"href":"https:\/\/www.sitem.fr\/en\/wp-json\/wp\/v2\/users\/2"}],"replies":[{"embeddable":true,"href":"https:\/\/www.sitem.fr\/en\/wp-json\/wp\/v2\/comments?post=9322"}],"version-history":[{"count":4,"href":"https:\/\/www.sitem.fr\/en\/wp-json\/wp\/v2\/posts\/9322\/revisions"}],"predecessor-version":[{"id":10846,"href":"https:\/\/www.sitem.fr\/en\/wp-json\/wp\/v2\/posts\/9322\/revisions\/10846"}],"wp:featuredmedia":[{"embeddable":true,"href":"https:\/\/www.sitem.fr\/en\/wp-json\/wp\/v2\/media\/9248"}],"wp:attachment":[{"href":"https:\/\/www.sitem.fr\/en\/wp-json\/wp\/v2\/media?parent=9322"}],"wp:term":[{"taxonomy":"category","embeddable":true,"href":"https:\/\/www.sitem.fr\/en\/wp-json\/wp\/v2\/categories?post=9322"},{"taxonomy":"post_tag","embeddable":true,"href":"https:\/\/www.sitem.fr\/en\/wp-json\/wp\/v2\/tags?post=9322"}],"curies":[{"name":"wp","href":"https:\/\/api.w.org\/{rel}","templated":true}]}}