{"id":9327,"date":"2017-11-30T08:09:08","date_gmt":"2017-11-30T07:09:08","guid":{"rendered":"https:\/\/www.sitem.fr\/?p=9327"},"modified":"2017-12-10T19:04:23","modified_gmt":"2017-12-10T18:04:23","slug":"opixido-musee-mobile-mumo2-pays-loire","status":"publish","type":"post","link":"https:\/\/www.sitem.fr\/en\/opixido-musee-mobile-mumo2-pays-loire\/","title":{"rendered":"opixido accompagne le mus\u00e9e mobile MuMo2"},"content":{"rendered":"<p style=\"text-align: justify;\"><a href=\"http:\/\/www.musee-mobile.fr\/2\/\" target=\"_blank\">MuMo 2<\/a>, la deuxi\u00e8me \u00e9dition du mus\u00e9e mobile propose des expositions itin\u00e9rantes con\u00e7ues par les fonds r\u00e9gionaux d&#8217;art contemporain. C&#8217;est matali crasset qui a imagin\u00e9 l&#8217;espace du MuMo2 qui sillonne les zones rurales \u00e0 la rencontre des enfants. Cet automne-hiver 2017-2018 MuMo2 fait \u00e9tape dans les Pays de la Loire.<\/p>\n<p style=\"text-align: justify;\">Le MuMo et le Frac des Pays de la Loire ont souhait\u00e9 pour la tourn\u00e9e 2017-2018 du MuMo dans les Pays de la Loire proposer au jeune public un outil de m\u00e9diation innovant d\u00e9velopp\u00e9 par l&#8217;agence <strong>opixido<\/strong>.<\/p>\n<p style=\"text-align: justify;\"><a href=\"https:\/\/www.sitem.fr\/wp-content\/uploads\/2017\/12\/MuMo-2_Place-de-la-Re\u0301publique_\u00a9-Philippe-Piron_3.jpg\"><img loading=\"lazy\" decoding=\"async\" class=\"aligncenter size-full wp-image-9257\" src=\"https:\/\/www.sitem.fr\/wp-content\/uploads\/2017\/12\/MuMo-2_Place-de-la-Re\u0301publique_\u00a9-Philippe-Piron_3.jpg\" alt=\"MuMo 2 Place de la Re\u0301publique \u00a9 Philippe Piron\" width=\"800\" height=\"533\" srcset=\"https:\/\/www.sitem.fr\/wp-content\/uploads\/2017\/12\/MuMo-2_Place-de-la-Re\u0301publique_\u00a9-Philippe-Piron_3.jpg 800w, https:\/\/www.sitem.fr\/wp-content\/uploads\/2017\/12\/MuMo-2_Place-de-la-Re\u0301publique_\u00a9-Philippe-Piron_3-600x400.jpg 600w, https:\/\/www.sitem.fr\/wp-content\/uploads\/2017\/12\/MuMo-2_Place-de-la-Re\u0301publique_\u00a9-Philippe-Piron_3-660x440.jpg 660w, https:\/\/www.sitem.fr\/wp-content\/uploads\/2017\/12\/MuMo-2_Place-de-la-Re\u0301publique_\u00a9-Philippe-Piron_3-768x512.jpg 768w, https:\/\/www.sitem.fr\/wp-content\/uploads\/2017\/12\/MuMo-2_Place-de-la-Re\u0301publique_\u00a9-Philippe-Piron_3-300x200.jpg 300w\" sizes=\"auto, (max-width: 800px) 100vw, 800px\" \/><\/a> <a href=\"https:\/\/www.sitem.fr\/wp-content\/uploads\/2017\/12\/23316304_1230798307020644_9039236179102753673_n.jpg\"><img loading=\"lazy\" decoding=\"async\" class=\"aligncenter size-full wp-image-9256\" src=\"https:\/\/www.sitem.fr\/wp-content\/uploads\/2017\/12\/23316304_1230798307020644_9039236179102753673_n.jpg\" alt=\"MuMo 2 Pays de la Loire\" width=\"800\" height=\"600\" srcset=\"https:\/\/www.sitem.fr\/wp-content\/uploads\/2017\/12\/23316304_1230798307020644_9039236179102753673_n.jpg 800w, https:\/\/www.sitem.fr\/wp-content\/uploads\/2017\/12\/23316304_1230798307020644_9039236179102753673_n-600x450.jpg 600w, https:\/\/www.sitem.fr\/wp-content\/uploads\/2017\/12\/23316304_1230798307020644_9039236179102753673_n-300x225.jpg 300w, https:\/\/www.sitem.fr\/wp-content\/uploads\/2017\/12\/23316304_1230798307020644_9039236179102753673_n-768x576.jpg 768w, https:\/\/www.sitem.fr\/wp-content\/uploads\/2017\/12\/23316304_1230798307020644_9039236179102753673_n-80x60.jpg 80w\" sizes=\"auto, (max-width: 800px) 100vw, 800px\" \/><\/a><\/p>\n<p style=\"text-align: justify;\">Le choix s&#8217;est port\u00e9 sur\u00a0 un dispositif multim\u00e9dia en ligne et accessible au plus grand nombre. Cette option permet une r\u00e9actualisation pendant toute l&#8217;op\u00e9ration MuMo du contenu en lien avec l&#8217;exposition con\u00e7ue par le Frac implant\u00e9 dans la r\u00e9gion visit\u00e9e par le MuMo (le mus\u00e9e mobile visite 2 \u00e0 4 r\u00e9gions par an et renouvelle \u00e0 chaque fois l&#8217;exposition en partenariat avec le Frac). Utilis\u00e9 avant ou apr\u00e8s la venue du MuMo 2, cet outil permettra aux visiteurs d&#8217;aller plus loin dans leur exp\u00e9rience du mus\u00e9e et de l&#8217;art contemporain.<\/p>\n<p style=\"text-align: justify;\">Le dispositif a \u00e9t\u00e9 con\u00e7u pour \u00eatre propos\u00e9 avant ou apr\u00e8s les ateliers p\u00e9dagogiques, en classe ou en famille, par groupe de 2 ou 3 enfants. A travers l\u2019exp\u00e9rience du MuMo, l\u2019enfant est invit\u00e9 \u00e0 d\u00e9couvrir une vari\u00e9t\u00e9 d\u2019\u0153uvres, \u00e0 appr\u00e9hender l\u2019espace du mus\u00e9e avec ses contraintes d\u2019exposition, \u00e0 cr\u00e9er sa propre exposition. Il joue au &#8220;commissaire d\u2019exposition&#8221;.\u00a0Les enfants doivent \u00e9changer pour choisir les \u0153uvres\u00a0qu&#8217;ils souhaitent voir exposer et venir les &#8220;accrocher&#8221;.<\/p>\n<p style=\"text-align: justify;\"><a href=\"http:\/\/opixido.com\/2015\/\" target=\"_blank\">www.opixido.com<\/a><\/p>\n<p style=\"text-align: justify;\"><strong>Consultez la <a href=\"http:\/\/www.museumexperts.com\/nos_services\/annuaire\/prestataire\/1579\" target=\"_blank\">Fiche Annuaire<\/a> de OPIXIDO <\/strong><\/p>\n","protected":false},"excerpt":{"rendered":"MuMo 2, la deuxi\u00e8me \u00e9dition du mus\u00e9e mobile propose des expositions itin\u00e9rantes con\u00e7ues par les fonds r\u00e9gionaux d&#8217;art contemporain. C&#8217;est matali crasset qui a imagin\u00e9 l&#8217;espace du MuMo2 qui sillonne les zones rurales \u00e0 la rencontre des enfants. Cet automne-hiver 2017-2018 MuMo2 fait \u00e9tape dans les Pays de la Loire. Le MuMo et le Frac&#8230; <br><a class=\"readm\" href=\"https:\/\/www.sitem.fr\/en\/opixido-musee-mobile-mumo2-pays-loire\/\">Read more<\/a>","protected":false},"author":2,"featured_media":9257,"comment_status":"open","ping_status":"open","sticky":false,"template":"","format":"standard","meta":{"_acf_changed":false,"footnotes":""},"categories":[149],"tags":[515,435],"class_list":["post-9327","post","type-post","status-publish","format-standard","has-post-thumbnail","hentry","category-interactivite-2","tag-mumo","tag-opixido"],"acf":[],"_links":{"self":[{"href":"https:\/\/www.sitem.fr\/en\/wp-json\/wp\/v2\/posts\/9327","targetHints":{"allow":["GET"]}}],"collection":[{"href":"https:\/\/www.sitem.fr\/en\/wp-json\/wp\/v2\/posts"}],"about":[{"href":"https:\/\/www.sitem.fr\/en\/wp-json\/wp\/v2\/types\/post"}],"author":[{"embeddable":true,"href":"https:\/\/www.sitem.fr\/en\/wp-json\/wp\/v2\/users\/2"}],"replies":[{"embeddable":true,"href":"https:\/\/www.sitem.fr\/en\/wp-json\/wp\/v2\/comments?post=9327"}],"version-history":[{"count":1,"href":"https:\/\/www.sitem.fr\/en\/wp-json\/wp\/v2\/posts\/9327\/revisions"}],"predecessor-version":[{"id":9328,"href":"https:\/\/www.sitem.fr\/en\/wp-json\/wp\/v2\/posts\/9327\/revisions\/9328"}],"wp:featuredmedia":[{"embeddable":true,"href":"https:\/\/www.sitem.fr\/en\/wp-json\/wp\/v2\/media\/9257"}],"wp:attachment":[{"href":"https:\/\/www.sitem.fr\/en\/wp-json\/wp\/v2\/media?parent=9327"}],"wp:term":[{"taxonomy":"category","embeddable":true,"href":"https:\/\/www.sitem.fr\/en\/wp-json\/wp\/v2\/categories?post=9327"},{"taxonomy":"post_tag","embeddable":true,"href":"https:\/\/www.sitem.fr\/en\/wp-json\/wp\/v2\/tags?post=9327"}],"curies":[{"name":"wp","href":"https:\/\/api.w.org\/{rel}","templated":true}]}}