{"id":9337,"date":"2017-11-30T08:10:23","date_gmt":"2017-11-30T07:10:23","guid":{"rendered":"https:\/\/www.sitem.fr\/?p=9337"},"modified":"2017-12-10T19:02:57","modified_gmt":"2017-12-10T18:02:57","slug":"scenographie-exposition-mode-pourpre-museal-atelier-tilde","status":"publish","type":"post","link":"https:\/\/www.sitem.fr\/en\/scenographie-exposition-mode-pourpre-museal-atelier-tilde\/","title":{"rendered":"Sc\u00e9nographie de l&#8217;exposition &#8220;Mode Pourpre&#8221; au Mus\u00e9Al par l&#8217;Atelier Tilde"},"content":{"rendered":"<p style=\"text-align: justify;\">Le Mus\u00e9Al d\u2019Alba-la-Romaine, (site antique gallo-romain du d\u00e9partement de l\u2019Ard\u00e8che), termine \u00e0 la fin du mois, son voyage dans la mode et le v\u00eatement antique.<br \/>\nL\u2019<strong>atelier Tilde<\/strong> a con\u00e7u la sc\u00e9nographie et le graphisme de l&#8217;exposition\u00a0&#8220;Mode pourpre&#8221;. Des temps romains imm\u00e9moriaux jusqu\u2019aux tendances fashion du pr\u00e9sent, 12 silhouettes costum\u00e9es par les \u00e9l\u00e8ves de l\u2019ENSAT ont d\u00e9fil\u00e9 au mus\u00e9e ce printemps-\u00e9t\u00e9.<\/p>\n<p style=\"text-align: justify;\">Une belle nuit des mus\u00e9es a aussi \u00e9t\u00e9 propos\u00e9e par l\u2019<strong>atelier Tilde<\/strong> sous forme de performances : banquet romain et d\u00e9fil\u00e9 de mode des convives, rhabill\u00e9s \u00e0 la romaine.<br \/>\nReconstitutions amateures cern\u00e9es par les yeux des objectifs, sous une pluie pourpre et sous l\u2019\u0153il vif du g\u00e9n\u00e9reux conseil scientifique de Val\u00e9rie Huet, professeure en Histoire Ancienne \u00e0 la facult\u00e9 de Brest.<\/p>\n<p style=\"text-align: justify;\">Direction artistique, sc\u00e9nographie int\u00e9rieure 150 et ext\u00e9rieure 500 m2, visuels de l\u2019exposition, graphisme, affiche, banni\u00e8re, couverture et pages illustr\u00e9es du catalogue compl\u00e8tent l\u2019ensemble.<\/p>\n<div id=\"attachment_9265\" style=\"width: 810px\" class=\"wp-caption aligncenter\"><a href=\"https:\/\/www.sitem.fr\/wp-content\/uploads\/2017\/12\/modeMUSEALexpo2017_1.jpg\"><img loading=\"lazy\" decoding=\"async\" aria-describedby=\"caption-attachment-9265\" class=\"size-full wp-image-9265\" src=\"https:\/\/www.sitem.fr\/wp-content\/uploads\/2017\/12\/modeMUSEALexpo2017_1.jpg\" alt=\"Exposition &quot;Mode Pourpre&quot;, Mus\u00e9Al. \u00a9 Mathilde Marguerite Bardel, assist\u00e9e de Guillaume Cousin, \u00e9tudiant en Arts num\u00e9riques \/ vid\u00e9o.\" width=\"800\" height=\"520\" srcset=\"https:\/\/www.sitem.fr\/wp-content\/uploads\/2017\/12\/modeMUSEALexpo2017_1.jpg 800w, https:\/\/www.sitem.fr\/wp-content\/uploads\/2017\/12\/modeMUSEALexpo2017_1-600x390.jpg 600w, https:\/\/www.sitem.fr\/wp-content\/uploads\/2017\/12\/modeMUSEALexpo2017_1-677x440.jpg 677w, https:\/\/www.sitem.fr\/wp-content\/uploads\/2017\/12\/modeMUSEALexpo2017_1-768x499.jpg 768w, https:\/\/www.sitem.fr\/wp-content\/uploads\/2017\/12\/modeMUSEALexpo2017_1-400x260.jpg 400w, https:\/\/www.sitem.fr\/wp-content\/uploads\/2017\/12\/modeMUSEALexpo2017_1-300x195.jpg 300w\" sizes=\"auto, (max-width: 800px) 100vw, 800px\" \/><\/a><p id=\"caption-attachment-9265\" class=\"wp-caption-text\">Exposition &#8220;Mode Pourpre&#8221;, Mus\u00e9Al.<br \/>\u00a9 Mathilde Marguerite Bardel, assist\u00e9e de Guillaume Cousin, \u00e9tudiant en Arts num\u00e9riques \/ vid\u00e9o.<\/p><\/div>\n<div id=\"attachment_9266\" style=\"width: 810px\" class=\"wp-caption aligncenter\"><a href=\"https:\/\/www.sitem.fr\/wp-content\/uploads\/2017\/12\/NuitMusee0.jpg\"><img loading=\"lazy\" decoding=\"async\" aria-describedby=\"caption-attachment-9266\" class=\"size-full wp-image-9266\" src=\"https:\/\/www.sitem.fr\/wp-content\/uploads\/2017\/12\/NuitMusee0.jpg\" alt=\"Nuit des Mus\u00e9es au Mus\u00e9Al. \u00a9 Mathilde Marguerite Bardel, assist\u00e9e de Guillaume Cousin, \u00e9tudiant en Arts num\u00e9riques \/ vid\u00e9o.\" width=\"800\" height=\"508\" srcset=\"https:\/\/www.sitem.fr\/wp-content\/uploads\/2017\/12\/NuitMusee0.jpg 800w, https:\/\/www.sitem.fr\/wp-content\/uploads\/2017\/12\/NuitMusee0-600x381.jpg 600w, https:\/\/www.sitem.fr\/wp-content\/uploads\/2017\/12\/NuitMusee0-300x191.jpg 300w, https:\/\/www.sitem.fr\/wp-content\/uploads\/2017\/12\/NuitMusee0-768x488.jpg 768w, https:\/\/www.sitem.fr\/wp-content\/uploads\/2017\/12\/NuitMusee0-222x140.jpg 222w\" sizes=\"auto, (max-width: 800px) 100vw, 800px\" \/><\/a><p id=\"caption-attachment-9266\" class=\"wp-caption-text\">Nuit des Mus\u00e9es au Mus\u00e9Al.<br \/>\u00a9 Mathilde Marguerite Bardel, assist\u00e9e de Guillaume Cousin, \u00e9tudiant en Arts num\u00e9riques \/ vid\u00e9o.<\/p><\/div>\n<div id=\"attachment_9267\" style=\"width: 4602px\" class=\"wp-caption aligncenter\"><a href=\"https:\/\/www.sitem.fr\/wp-content\/uploads\/2017\/12\/NuitMuseeMuseal.jpg\"><img loading=\"lazy\" decoding=\"async\" aria-describedby=\"caption-attachment-9267\" class=\"size-full wp-image-9267\" src=\"https:\/\/www.sitem.fr\/wp-content\/uploads\/2017\/12\/NuitMuseeMuseal.jpg\" alt=\"Nuit des Mus\u00e9es au Mus\u00e9Al. \u00a9 Mathilde Marguerite Bardel, assist\u00e9e de Guillaume Cousin, \u00e9tudiant en Arts num\u00e9riques \/ vid\u00e9o.\" width=\"4592\" height=\"2584\" \/><\/a><p id=\"caption-attachment-9267\" class=\"wp-caption-text\">Nuit des Mus\u00e9es au Mus\u00e9Al.<br \/>\u00a9 Mathilde Marguerite Bardel, assist\u00e9e de Guillaume Cousin, \u00e9tudiant en Arts num\u00e9riques \/ vid\u00e9o.<\/p><\/div>\n<p style=\"text-align: justify;\">L&#8217;atelier Tilde tient \u00e0 remercier\u00a0\u00e0 toutes les \u00e9quipes du Mus\u00e9Al, les nombreux b\u00e9n\u00e9voles figurants, les maquilleuses coiffeuses, et toute l\u2019\u00e9quipe du mus\u00e9e.<\/p>\n<p style=\"text-align: justify;\"><a href=\"http:\/\/www.atelier-tilde.fr\" target=\"_blank\">www.atelier-tilde.fr<\/a><\/p>\n<p style=\"text-align: justify;\"><strong>Consultez la <a href=\"http:\/\/www.museumexperts.com\/nos_services\/annuaire\/prestataire\/4942\" target=\"_blank\">Fiche Annuaire<\/a> de l&#8217;ATELIER TILDE <\/strong><\/p>\n","protected":false},"excerpt":{"rendered":"Le Mus\u00e9Al d\u2019Alba-la-Romaine, (site antique gallo-romain du d\u00e9partement de l\u2019Ard\u00e8che), termine \u00e0 la fin du mois, son voyage dans la mode et le v\u00eatement antique. L\u2019atelier Tilde a con\u00e7u la sc\u00e9nographie et le graphisme de l&#8217;exposition\u00a0&#8220;Mode pourpre&#8221;. Des temps romains imm\u00e9moriaux jusqu\u2019aux tendances fashion du pr\u00e9sent, 12 silhouettes costum\u00e9es par les \u00e9l\u00e8ves de l\u2019ENSAT ont&#8230; <br><a class=\"readm\" href=\"https:\/\/www.sitem.fr\/en\/scenographie-exposition-mode-pourpre-museal-atelier-tilde\/\">Read more<\/a>","protected":false},"author":2,"featured_media":9265,"comment_status":"open","ping_status":"open","sticky":false,"template":"","format":"standard","meta":{"_acf_changed":false,"footnotes":""},"categories":[1],"tags":[508],"class_list":["post-9337","post","type-post","status-publish","format-standard","has-post-thumbnail","hentry","category-non-classifiee","tag-atelier-tilde"],"acf":[],"_links":{"self":[{"href":"https:\/\/www.sitem.fr\/en\/wp-json\/wp\/v2\/posts\/9337","targetHints":{"allow":["GET"]}}],"collection":[{"href":"https:\/\/www.sitem.fr\/en\/wp-json\/wp\/v2\/posts"}],"about":[{"href":"https:\/\/www.sitem.fr\/en\/wp-json\/wp\/v2\/types\/post"}],"author":[{"embeddable":true,"href":"https:\/\/www.sitem.fr\/en\/wp-json\/wp\/v2\/users\/2"}],"replies":[{"embeddable":true,"href":"https:\/\/www.sitem.fr\/en\/wp-json\/wp\/v2\/comments?post=9337"}],"version-history":[{"count":1,"href":"https:\/\/www.sitem.fr\/en\/wp-json\/wp\/v2\/posts\/9337\/revisions"}],"predecessor-version":[{"id":9338,"href":"https:\/\/www.sitem.fr\/en\/wp-json\/wp\/v2\/posts\/9337\/revisions\/9338"}],"wp:featuredmedia":[{"embeddable":true,"href":"https:\/\/www.sitem.fr\/en\/wp-json\/wp\/v2\/media\/9265"}],"wp:attachment":[{"href":"https:\/\/www.sitem.fr\/en\/wp-json\/wp\/v2\/media?parent=9337"}],"wp:term":[{"taxonomy":"category","embeddable":true,"href":"https:\/\/www.sitem.fr\/en\/wp-json\/wp\/v2\/categories?post=9337"},{"taxonomy":"post_tag","embeddable":true,"href":"https:\/\/www.sitem.fr\/en\/wp-json\/wp\/v2\/tags?post=9337"}],"curies":[{"name":"wp","href":"https:\/\/api.w.org\/{rel}","templated":true}]}}