{"id":9408,"date":"2017-12-28T11:11:38","date_gmt":"2017-12-28T10:11:38","guid":{"rendered":"https:\/\/www.sitem.fr\/?p=9408"},"modified":"2018-10-08T17:25:16","modified_gmt":"2018-10-08T15:25:16","slug":"fabrique-creative-exposition-nuits-parisiennes-mairie-paris","status":"publish","type":"post","link":"https:\/\/www.sitem.fr\/en\/fabrique-creative-exposition-nuits-parisiennes-mairie-paris\/","title":{"rendered":"La fabrique cr\u00e9ative livre l&#8217;exposition \u00ab\u00a0Nuits parisiennes, du Palais royal au Palace\u00a0\u00bb, pour la mairie de Paris"},"content":{"rendered":"<p style=\"text-align: justify;\"><a href=\"https:\/\/www.sitem.fr\/wp-content\/uploads\/2017\/12\/Nuits-MuseuExpert.jpg\"><img loading=\"lazy\" decoding=\"async\" class=\"aligncenter size-full wp-image-9409\" src=\"https:\/\/www.sitem.fr\/wp-content\/uploads\/2017\/12\/Nuits-MuseuExpert.jpg\" alt=\"la-fabrique-creative-nuits-parisiennes\" width=\"2983\" height=\"982\" \/><\/a>L\u2019h\u00f4tel de ville de Paris pr\u00e9sente, Salle Saint-Jean, une exposition sur les nuits parisiennes. <strong>La fabrique cr\u00e9ative<\/strong> vient d\u2019en assurer la conception et le suivi.<br \/>\nOn y d\u00e9couvre les diff\u00e9rents visages de Paris la nuit, du XVIIIe\u00a0si\u00e8cle \u00e0 nos jours et ce en plus de 300 \u0153uvres \u2013 tableaux, photos, films et documents d&#8217;archives.<br \/>\nL\u2019exposition apporte un \u00e9clairage in\u00e9dit sur l\u2019\u00e9volution politique, culturelle, esth\u00e9tique de Paris, \u00e0 travers la fa\u00e7on dont les hommes et les femmes y vivent, travaillent, dansent, se rencontrent\u2026<\/p>\n<p style=\"text-align: justify;\">\u00c0 l\u2019entr\u00e9e une carte anim\u00e9e permet de d\u00e9couvrir l\u2019\u00e9volution des lieux des noctambules au fur et \u00e0 mesure des ann\u00e9es. Un parcours chrono th\u00e9matique jalonn\u00e9 de portes et passages, guide le visiteur \u00e0 travers une d\u00e9ambulation immersive dans l\u2019espace et le temps.<\/p>\n<p style=\"text-align: justify;\">Exposition pr\u00e9sent\u00e9e du 25\u00a0novembre 2017 au 27\u00a0janvier 2018, salle Saint Jean, H\u00f4tel de ville de Paris.<\/p>\n<p style=\"text-align: justify;\">Ma\u00eetre d&#8217;ouvrage\u00a0: Mairie de Paris<br \/>\nCommissariat\u00a0: Comit\u00e9 d\u2019Histoire de la Ville de Paris<br \/>\nSc\u00e9nographie, graphisme d&#8217;exposition, conception lumi\u00e8re\u00a0: <strong>La Fabrique Cr\u00e9ative<\/strong><br \/>\nR\u00e9alisation\u00a0: G\u00e9nie civil de la ville de Paris<\/p>\n<p style=\"text-align: justify;\">www.la-fabrique-creative.fr et sur <a href=\"https:\/\/www.facebook.com\/La-fabrique-cr%C3%A9ative-267993320032069\/\" target=\"_blank\">Facebook<\/a><\/p>\n<p style=\"text-align: justify;\"><strong>Consultez la <a href=\"http:\/\/www.museumexperts.com\/nos_services\/annuaire\/prestataire\/2399\" target=\"_blank\">Fiche Annuaire<\/a> de LA FABRIQUE CR\u00c9ATIVE <\/strong><\/p>\n<p style=\"text-align: justify;\">Retrouvez <strong>La fabrique cr\u00e9ative<\/strong> au <a href=\"http:\/\/sitem2018.site.calypso-event.net\/visiteur\/informations-personnelles.htm\" target=\"_blank\">SITEM 2018<\/a>, sur le stand B15.<\/p>\n","protected":false},"excerpt":{"rendered":"L\u2019h\u00f4tel de ville de Paris pr\u00e9sente, Salle Saint-Jean, une exposition sur les nuits parisiennes. La fabrique cr\u00e9ative vient d\u2019en assurer la conception et le suivi. On y d\u00e9couvre les diff\u00e9rents visages de Paris la nuit, du XVIIIe\u00a0si\u00e8cle \u00e0 nos jours et ce en plus de 300 \u0153uvres \u2013 tableaux, photos, films et documents d&#8217;archives. L\u2019exposition&#8230; <br><a class=\"readm\" href=\"https:\/\/www.sitem.fr\/en\/fabrique-creative-exposition-nuits-parisiennes-mairie-paris\/\">Read more<\/a>","protected":false},"author":2,"featured_media":9410,"comment_status":"open","ping_status":"open","sticky":false,"template":"","format":"standard","meta":{"_acf_changed":false,"footnotes":""},"categories":[1],"tags":[44],"class_list":["post-9408","post","type-post","status-publish","format-standard","has-post-thumbnail","hentry","category-non-classifiee","tag-la-fabrique-creative"],"acf":[],"_links":{"self":[{"href":"https:\/\/www.sitem.fr\/en\/wp-json\/wp\/v2\/posts\/9408","targetHints":{"allow":["GET"]}}],"collection":[{"href":"https:\/\/www.sitem.fr\/en\/wp-json\/wp\/v2\/posts"}],"about":[{"href":"https:\/\/www.sitem.fr\/en\/wp-json\/wp\/v2\/types\/post"}],"author":[{"embeddable":true,"href":"https:\/\/www.sitem.fr\/en\/wp-json\/wp\/v2\/users\/2"}],"replies":[{"embeddable":true,"href":"https:\/\/www.sitem.fr\/en\/wp-json\/wp\/v2\/comments?post=9408"}],"version-history":[{"count":5,"href":"https:\/\/www.sitem.fr\/en\/wp-json\/wp\/v2\/posts\/9408\/revisions"}],"predecessor-version":[{"id":10847,"href":"https:\/\/www.sitem.fr\/en\/wp-json\/wp\/v2\/posts\/9408\/revisions\/10847"}],"wp:featuredmedia":[{"embeddable":true,"href":"https:\/\/www.sitem.fr\/en\/wp-json\/wp\/v2\/media\/9410"}],"wp:attachment":[{"href":"https:\/\/www.sitem.fr\/en\/wp-json\/wp\/v2\/media?parent=9408"}],"wp:term":[{"taxonomy":"category","embeddable":true,"href":"https:\/\/www.sitem.fr\/en\/wp-json\/wp\/v2\/categories?post=9408"},{"taxonomy":"post_tag","embeddable":true,"href":"https:\/\/www.sitem.fr\/en\/wp-json\/wp\/v2\/tags?post=9408"}],"curies":[{"name":"wp","href":"https:\/\/api.w.org\/{rel}","templated":true}]}}