{"id":9433,"date":"2017-12-28T11:08:40","date_gmt":"2017-12-28T10:08:40","guid":{"rendered":"https:\/\/www.sitem.fr\/?p=9433"},"modified":"2018-10-08T17:22:36","modified_gmt":"2018-10-08T15:22:36","slug":"americains-grande-guerre-nouvelle-exposition-signee-point-de-fuite-musee-de-grande-guerre-de-meaux","status":"publish","type":"post","link":"https:\/\/www.sitem.fr\/en\/americains-grande-guerre-nouvelle-exposition-signee-point-de-fuite-musee-de-grande-guerre-de-meaux\/","title":{"rendered":"&#8220;Les Am\u00e9ricains dans la Grande Guerre&#8221; : nouvelle exposition sign\u00e9e Point de Fuite au Mus\u00e9e de la Grande Guerre de Meaux"},"content":{"rendered":"<p style=\"text-align: justify;\"><a href=\"https:\/\/www.sitem.fr\/wp-content\/uploads\/2017\/12\/bandeau-1.jpg\"><img loading=\"lazy\" decoding=\"async\" class=\"aligncenter size-full wp-image-9434\" src=\"https:\/\/www.sitem.fr\/wp-content\/uploads\/2017\/12\/bandeau-1.jpg\" alt=\"agence-point-de-fuite-americains-grande-guerre-meaux\" width=\"3544\" height=\"1004\" \/><\/a>L\u2019<strong>Agence Point de Fuite<\/strong>\u00a0a con\u00e7u le design graphique de la nouvelle exposition temporaire du <a href=\"http:\/\/www.museedelagrandeguerre.eu\/\" target=\"_blank\">Mus\u00e9e de la Grande Guerre<\/a> (Meaux-77). Cette exposition qui s\u2019inscrit dans le parcours permanent des collections, propose aux visiteurs un fil rouge retra\u00e7ant l\u2019histoire de l\u2019entr\u00e9e en guerre des Am\u00e9ricains en 1917 et leur implication dans le conflit.<br \/>\nLes th\u00e9matiques vont du recrutement \u00e0 la logistique, en passant par l\u2019Escadrille Lafayette, l&#8217;engagement dans la seconde bataille de la Marne ou les combats en Meuse-Argonne\u2026<\/p>\n<p style=\"text-align: justify;\">La mission comprenait la conception du graphisme de communication (affiche et d\u00e9pliant) et la conception graphique des 21 grands visuels composant l\u2019exposition.<\/p>\n<p style=\"text-align: justify;\"><a href=\"https:\/\/www.sitem.fr\/wp-content\/uploads\/2017\/12\/affiche-ame\u0301ricains.jpg\"><img loading=\"lazy\" decoding=\"async\" class=\"aligncenter  wp-image-9435\" src=\"https:\/\/www.sitem.fr\/wp-content\/uploads\/2017\/12\/affiche-ame\u0301ricains.jpg\" alt=\"affiche-americains-grande-guerre-meaux\" width=\"397\" height=\"592\" \/><\/a>Avec ce projet, Fr\u00e9d\u00e9ric Chauvaux signe le graphisme de sa 9\u00e8me exposition pour le Mus\u00e9e de la Grande Guerre.<\/p>\n<p style=\"text-align: justify;\">www.pointdefuite.fr<\/p>\n<p style=\"text-align: justify;\"><strong>Consultez la <a href=\"http:\/\/www.museumexperts.com\/nos_services\/annuaire\/prestataire\/2465\" target=\"_blank\">Fiche Annuaire<\/a> de POINT DE FUITE<\/strong><\/p>\n","protected":false},"excerpt":{"rendered":"L\u2019Agence Point de Fuite\u00a0a con\u00e7u le design graphique de la nouvelle exposition temporaire du Mus\u00e9e de la Grande Guerre (Meaux-77). Cette exposition qui s\u2019inscrit dans le parcours permanent des collections, propose aux visiteurs un fil rouge retra\u00e7ant l\u2019histoire de l\u2019entr\u00e9e en guerre des Am\u00e9ricains en 1917 et leur implication dans le conflit. Les th\u00e9matiques vont&#8230; <br><a class=\"readm\" href=\"https:\/\/www.sitem.fr\/en\/americains-grande-guerre-nouvelle-exposition-signee-point-de-fuite-musee-de-grande-guerre-de-meaux\/\">Read more<\/a>","protected":false},"author":2,"featured_media":9435,"comment_status":"open","ping_status":"open","sticky":false,"template":"","format":"standard","meta":{"_acf_changed":false,"footnotes":""},"categories":[1],"tags":[70],"class_list":["post-9433","post","type-post","status-publish","format-standard","has-post-thumbnail","hentry","category-non-classifiee","tag-agence-point-de-fuite"],"acf":[],"_links":{"self":[{"href":"https:\/\/www.sitem.fr\/en\/wp-json\/wp\/v2\/posts\/9433","targetHints":{"allow":["GET"]}}],"collection":[{"href":"https:\/\/www.sitem.fr\/en\/wp-json\/wp\/v2\/posts"}],"about":[{"href":"https:\/\/www.sitem.fr\/en\/wp-json\/wp\/v2\/types\/post"}],"author":[{"embeddable":true,"href":"https:\/\/www.sitem.fr\/en\/wp-json\/wp\/v2\/users\/2"}],"replies":[{"embeddable":true,"href":"https:\/\/www.sitem.fr\/en\/wp-json\/wp\/v2\/comments?post=9433"}],"version-history":[{"count":2,"href":"https:\/\/www.sitem.fr\/en\/wp-json\/wp\/v2\/posts\/9433\/revisions"}],"predecessor-version":[{"id":10802,"href":"https:\/\/www.sitem.fr\/en\/wp-json\/wp\/v2\/posts\/9433\/revisions\/10802"}],"wp:featuredmedia":[{"embeddable":true,"href":"https:\/\/www.sitem.fr\/en\/wp-json\/wp\/v2\/media\/9435"}],"wp:attachment":[{"href":"https:\/\/www.sitem.fr\/en\/wp-json\/wp\/v2\/media?parent=9433"}],"wp:term":[{"taxonomy":"category","embeddable":true,"href":"https:\/\/www.sitem.fr\/en\/wp-json\/wp\/v2\/categories?post=9433"},{"taxonomy":"post_tag","embeddable":true,"href":"https:\/\/www.sitem.fr\/en\/wp-json\/wp\/v2\/tags?post=9433"}],"curies":[{"name":"wp","href":"https:\/\/api.w.org\/{rel}","templated":true}]}}