{"id":9508,"date":"2018-01-31T11:14:50","date_gmt":"2018-01-31T10:14:50","guid":{"rendered":"https:\/\/www.sitem.fr\/?p=9508"},"modified":"2018-02-06T15:05:45","modified_gmt":"2018-02-06T14:05:45","slug":"agence-acces-libres-musee-louvre-formation-semaine-accessibilite","status":"publish","type":"post","link":"https:\/\/www.sitem.fr\/en\/agence-acces-libres-musee-louvre-formation-semaine-accessibilite\/","title":{"rendered":"L&#8217;Agence Acc\u00e8s Libres au mus\u00e9e du Louvre pour la semaine de l&#8217;accessibilit\u00e9"},"content":{"rendered":"<p style=\"text-align: justify;\">Le mus\u00e9e du Louvre fait une nouvelle fois appel \u00e0 l&#8217;<strong>Agence Acc\u00e8s Libres<\/strong> pour animer une journ\u00e9e de formation.<br \/>\nElle aura lieu dans le cadre de la semaine de l&#8217;accessibilit\u00e9 organis\u00e9e par le mus\u00e9e du Louvre du 7 au 14 f\u00e9vrier 2018.<br \/>\nComme l&#8217;an dernier, en 2017, les \u00e9quipes du mus\u00e9e ont pl\u00e9biscit\u00e9 le th\u00e8me &#8221; Accessibilit\u00e9 et confort d&#8217;usage des publics au Louvre : quels acteurs concern\u00e9s ? &#8220;.<br \/>\nCette formation est men\u00e9e en partenariat avec l&#8217;association Action Handicap France.<\/p>\n<div id=\"attachment_9507\" style=\"width: 440px\" class=\"wp-caption aligncenter\"><a href=\"https:\/\/www.sitem.fr\/wp-content\/uploads\/2018\/02\/louvre-logo-accessibilite-2017-556x348px.gif\"><img loading=\"lazy\" decoding=\"async\" aria-describedby=\"caption-attachment-9507\" class=\" wp-image-9507\" src=\"https:\/\/www.sitem.fr\/wp-content\/uploads\/2018\/02\/louvre-logo-accessibilite-2017-556x348px.gif\" alt=\"Logo de la semaine de l'accessibilit\u00e9\" width=\"430\" height=\"272\" \/><\/a><p id=\"caption-attachment-9507\" class=\"wp-caption-text\">Logo de la semaine de l&#8217;accessibilit\u00e9.<br \/>\u00a9 Mus\u00e9e du Louvre<\/p><\/div>\n<p style=\"text-align: justify;\">Au programme : un soup\u00e7on de th\u00e9orie version ludique gr\u00e2ce \u00e0 un quizz interactif, des mises en situation et des cas pratiques dans les salles pour prendre conscience du r\u00f4le de chaque m\u00e9tier. L&#8217;accessibilit\u00e9 doit \u00eatre en effet pens\u00e9e dans une coh\u00e9rence globale.<\/p>\n<p style=\"text-align: justify;\">Quelques avis de la part des stagiaires 2017 :<br \/>\n&#8221; Tr\u00e8s enrichissant aussi bien du point de vue professionnel que personnel, merci \u00e0 tous les animateurs. &#8221;<br \/>\n&#8221; Bonne p\u00e9dagogie, les \u00e9changes formateurs\/participants sont tr\u00e8s formateurs. &#8221;<br \/>\n&#8221; Formation indispensable ! Parfait ! &#8221;<br \/>\n&#8221; Bon \u00e9quilibre entre la partie th\u00e9orique et la partie pratique &#8220;<\/p>\n<div id=\"attachment_9506\" style=\"width: 419px\" class=\"wp-caption aligncenter\"><a href=\"https:\/\/www.sitem.fr\/wp-content\/uploads\/2018\/02\/FORM_LOUVRE_ALL_2017.jpg\"><img loading=\"lazy\" decoding=\"async\" aria-describedby=\"caption-attachment-9506\" class=\" wp-image-9506\" src=\"https:\/\/www.sitem.fr\/wp-content\/uploads\/2018\/02\/FORM_LOUVRE_ALL_2017.jpg\" alt=\"Mise en situation avec Action Handicap France\" width=\"409\" height=\"346\" srcset=\"https:\/\/www.sitem.fr\/wp-content\/uploads\/2018\/02\/FORM_LOUVRE_ALL_2017.jpg 800w, https:\/\/www.sitem.fr\/wp-content\/uploads\/2018\/02\/FORM_LOUVRE_ALL_2017-600x506.jpg 600w, https:\/\/www.sitem.fr\/wp-content\/uploads\/2018\/02\/FORM_LOUVRE_ALL_2017-521x440.jpg 521w, https:\/\/www.sitem.fr\/wp-content\/uploads\/2018\/02\/FORM_LOUVRE_ALL_2017-768x648.jpg 768w, https:\/\/www.sitem.fr\/wp-content\/uploads\/2018\/02\/FORM_LOUVRE_ALL_2017-300x253.jpg 300w\" sizes=\"auto, (max-width: 409px) 100vw, 409px\" \/><\/a><p id=\"caption-attachment-9506\" class=\"wp-caption-text\">Mise en situation avec Action Handicap France. \u00a9Mathilde Jolivet-Martin<\/p><\/div>\n<p style=\"text-align: justify;\"><a href=\"http:\/\/www.agenceacceslibres.fr\/\" target=\"_blank\">www.agenceacceslibres.fr<\/a><\/p>\n<p style=\"text-align: justify;\"><strong>Consultez la <a href=\"http:\/\/www.museumexperts.com\/nos_services\/annuaire\/prestataire\/4661\" target=\"_blank\">Fiche Annuaire<\/a> de l&#8217;AGENCE ACCES LIBRES<\/strong><\/p>\n","protected":false},"excerpt":{"rendered":"Le mus\u00e9e du Louvre fait une nouvelle fois appel \u00e0 l&#8217;Agence Acc\u00e8s Libres pour animer une journ\u00e9e de formation. Elle aura lieu dans le cadre de la semaine de l&#8217;accessibilit\u00e9 organis\u00e9e par le mus\u00e9e du Louvre du 7 au 14 f\u00e9vrier 2018. Comme l&#8217;an dernier, en 2017, les \u00e9quipes du mus\u00e9e ont pl\u00e9biscit\u00e9 le th\u00e8me&#8230; <br><a class=\"readm\" href=\"https:\/\/www.sitem.fr\/en\/agence-acces-libres-musee-louvre-formation-semaine-accessibilite\/\">Read more<\/a>","protected":false},"author":2,"featured_media":9506,"comment_status":"open","ping_status":"open","sticky":false,"template":"","format":"standard","meta":{"_acf_changed":false,"footnotes":""},"categories":[87],"tags":[475],"class_list":["post-9508","post","type-post","status-publish","format-standard","has-post-thumbnail","hentry","category-accessibilite","tag-agence-acces-libres"],"acf":[],"_links":{"self":[{"href":"https:\/\/www.sitem.fr\/en\/wp-json\/wp\/v2\/posts\/9508","targetHints":{"allow":["GET"]}}],"collection":[{"href":"https:\/\/www.sitem.fr\/en\/wp-json\/wp\/v2\/posts"}],"about":[{"href":"https:\/\/www.sitem.fr\/en\/wp-json\/wp\/v2\/types\/post"}],"author":[{"embeddable":true,"href":"https:\/\/www.sitem.fr\/en\/wp-json\/wp\/v2\/users\/2"}],"replies":[{"embeddable":true,"href":"https:\/\/www.sitem.fr\/en\/wp-json\/wp\/v2\/comments?post=9508"}],"version-history":[{"count":2,"href":"https:\/\/www.sitem.fr\/en\/wp-json\/wp\/v2\/posts\/9508\/revisions"}],"predecessor-version":[{"id":9616,"href":"https:\/\/www.sitem.fr\/en\/wp-json\/wp\/v2\/posts\/9508\/revisions\/9616"}],"wp:featuredmedia":[{"embeddable":true,"href":"https:\/\/www.sitem.fr\/en\/wp-json\/wp\/v2\/media\/9506"}],"wp:attachment":[{"href":"https:\/\/www.sitem.fr\/en\/wp-json\/wp\/v2\/media?parent=9508"}],"wp:term":[{"taxonomy":"category","embeddable":true,"href":"https:\/\/www.sitem.fr\/en\/wp-json\/wp\/v2\/categories?post=9508"},{"taxonomy":"post_tag","embeddable":true,"href":"https:\/\/www.sitem.fr\/en\/wp-json\/wp\/v2\/tags?post=9508"}],"curies":[{"name":"wp","href":"https:\/\/api.w.org\/{rel}","templated":true}]}}