{"id":9518,"date":"2018-01-31T11:15:31","date_gmt":"2018-01-31T10:15:31","guid":{"rendered":"https:\/\/www.sitem.fr\/?p=9518"},"modified":"2018-02-06T20:37:01","modified_gmt":"2018-02-06T19:37:01","slug":"boscher-pole-recherches-interdisciplinaires-archeologiques-priam-metz","status":"publish","type":"post","link":"https:\/\/www.sitem.fr\/en\/boscher-pole-recherches-interdisciplinaires-archeologiques-priam-metz\/","title":{"rendered":"Boscher au P\u00f4le de Recherches Interdisciplinaires Arch\u00e9ologiques de Metz (PRIAM)"},"content":{"rendered":"<p style=\"text-align: justify;\"><strong>Boscher Signal\u00e9tique &amp; Image<\/strong> r\u00e9alise la signal\u00e9tique du P\u00f4le de Recherches Interdisciplinaires Arch\u00e9ologiques de Metz (PRIAM).<\/p>\n<p style=\"text-align: justify;\">Le projet de d\u00e9cor et de signal\u00e9tique du PRIAM s&#8217;inscrit dans la proc\u00e9dure du 1% artistique dans les constructions publiques. Le 1% artistique impose \u00e0 l\u2019\u00c9tat, \u00e0 ses \u00e9tablissements publics et aux collectivit\u00e9s territoriales, la commande d\u2019\u0153uvres \u00e0 des artistes afin de soutenir la cr\u00e9ation et de sensibiliser les citoyens \u00e0 l&#8217;art du temps.<\/p>\n<p style=\"text-align: justify;\">Les illustrations r\u00e9alis\u00e9es par Elodie Stephan, l&#8217;auteure du 1%, s&#8217;emparent d&#8217;une technique de repr\u00e9sentation propre aux dessinateurs en arch\u00e9ologie : le dessin en &#8221; ombrage points-mati\u00e8re &#8220;. Le d\u00e9cor se r\u00e9v\u00e8le \u00e0 travers la mati\u00e8re gr\u00e2ce \u00e0 la gravure du dessin r\u00e9alis\u00e9e dans la masse, qui fait \u00e9cho \u00e0 la d\u00e9couverte des objets lors des fouilles.<\/p>\n<p style=\"text-align: justify;\">Dans le hall du PRIAM, un d\u00e9cor compos\u00e9 de lettrages et de pi\u00e8ces en laiton est mis en sc\u00e8ne sur un mur noir. Les pi\u00e8ces grav\u00e9es pr\u00e9sentent un ensemble de mobiliers arch\u00e9ologiques repr\u00e9sentatifs des collections du PRIAM.<br \/>\nApr\u00e8s plusieurs essais, une s\u00e9rigraphie noire appliqu\u00e9e apr\u00e8s gravure a permis d&#8217;obtenir l&#8217;effet souhait\u00e9. La signal\u00e9tique fonctionnelle reprend les m\u00eames codes esth\u00e9tiques dans les espaces de circulation du b\u00e2timent, de fa\u00e7on a prolonger le raffinement du projet jusqu&#8217;aux espaces les plus confidentiels.<\/p>\n<p style=\"text-align: justify;\"><a href=\"https:\/\/www.sitem.fr\/wp-content\/uploads\/2018\/02\/DSC9475.jpg\"><img loading=\"lazy\" decoding=\"async\" class=\"aligncenter wp-image-9521\" src=\"https:\/\/www.sitem.fr\/wp-content\/uploads\/2018\/02\/DSC9475.jpg\" alt=\"boscher-signal\u00e9tique-priam-metz\" width=\"460\" height=\"370\" srcset=\"https:\/\/www.sitem.fr\/wp-content\/uploads\/2018\/02\/DSC9475-549x440.jpg 549w, https:\/\/www.sitem.fr\/wp-content\/uploads\/2018\/02\/DSC9475-300x240.jpg 300w\" sizes=\"auto, (max-width: 460px) 100vw, 460px\" \/><\/a><a href=\"https:\/\/www.sitem.fr\/wp-content\/uploads\/2018\/02\/DSC9608.jpg\"><img loading=\"lazy\" decoding=\"async\" class=\"aligncenter wp-image-9523\" src=\"https:\/\/www.sitem.fr\/wp-content\/uploads\/2018\/02\/DSC9608.jpg\" alt=\"boscher-signal\u00e9tique-priam-metz\" width=\"312\" height=\"387\" \/><\/a><a href=\"https:\/\/www.sitem.fr\/wp-content\/uploads\/2018\/02\/DSC9407.jpg\"><img loading=\"lazy\" decoding=\"async\" class=\"aligncenter wp-image-9520\" src=\"https:\/\/www.sitem.fr\/wp-content\/uploads\/2018\/02\/DSC9407.jpg\" alt=\"boscher-signal\u00e9tique-priam-metz\" width=\"314\" height=\"390\" \/><\/a><a href=\"http:\/\/www.boscher.fr\">www.boscher.fr<\/a><\/p>\n<p style=\"text-align: justify;\"><strong>Consultez la <a href=\"http:\/\/www.museumexperts.com\/nos_services\/annuaire\/prestataire\/651\" target=\"_blank\">Fiche Annuaire<\/a> de Boscher Signal\u00e9tique et Image<\/strong><\/p>\n","protected":false},"excerpt":{"rendered":"Boscher Signal\u00e9tique &amp; Image r\u00e9alise la signal\u00e9tique du P\u00f4le de Recherches Interdisciplinaires Arch\u00e9ologiques de Metz (PRIAM). Le projet de d\u00e9cor et de signal\u00e9tique du PRIAM s&#8217;inscrit dans la proc\u00e9dure du 1% artistique dans les constructions publiques. Le 1% artistique impose \u00e0 l\u2019\u00c9tat, \u00e0 ses \u00e9tablissements publics et aux collectivit\u00e9s territoriales, la commande d\u2019\u0153uvres \u00e0 des&#8230; <br><a class=\"readm\" href=\"https:\/\/www.sitem.fr\/en\/boscher-pole-recherches-interdisciplinaires-archeologiques-priam-metz\/\">Read more<\/a>","protected":false},"author":2,"featured_media":9521,"comment_status":"open","ping_status":"open","sticky":false,"template":"","format":"standard","meta":{"_acf_changed":false,"footnotes":""},"categories":[1],"tags":[18],"class_list":["post-9518","post","type-post","status-publish","format-standard","has-post-thumbnail","hentry","category-non-classifiee","tag-boscher"],"acf":[],"_links":{"self":[{"href":"https:\/\/www.sitem.fr\/en\/wp-json\/wp\/v2\/posts\/9518","targetHints":{"allow":["GET"]}}],"collection":[{"href":"https:\/\/www.sitem.fr\/en\/wp-json\/wp\/v2\/posts"}],"about":[{"href":"https:\/\/www.sitem.fr\/en\/wp-json\/wp\/v2\/types\/post"}],"author":[{"embeddable":true,"href":"https:\/\/www.sitem.fr\/en\/wp-json\/wp\/v2\/users\/2"}],"replies":[{"embeddable":true,"href":"https:\/\/www.sitem.fr\/en\/wp-json\/wp\/v2\/comments?post=9518"}],"version-history":[{"count":4,"href":"https:\/\/www.sitem.fr\/en\/wp-json\/wp\/v2\/posts\/9518\/revisions"}],"predecessor-version":[{"id":9619,"href":"https:\/\/www.sitem.fr\/en\/wp-json\/wp\/v2\/posts\/9518\/revisions\/9619"}],"wp:featuredmedia":[{"embeddable":true,"href":"https:\/\/www.sitem.fr\/en\/wp-json\/wp\/v2\/media\/9521"}],"wp:attachment":[{"href":"https:\/\/www.sitem.fr\/en\/wp-json\/wp\/v2\/media?parent=9518"}],"wp:term":[{"taxonomy":"category","embeddable":true,"href":"https:\/\/www.sitem.fr\/en\/wp-json\/wp\/v2\/categories?post=9518"},{"taxonomy":"post_tag","embeddable":true,"href":"https:\/\/www.sitem.fr\/en\/wp-json\/wp\/v2\/tags?post=9518"}],"curies":[{"name":"wp","href":"https:\/\/api.w.org\/{rel}","templated":true}]}}