{"id":9532,"date":"2018-01-31T11:11:51","date_gmt":"2018-01-31T10:11:51","guid":{"rendered":"https:\/\/www.sitem.fr\/?p=9532"},"modified":"2018-02-06T15:05:22","modified_gmt":"2018-02-06T14:05:22","slug":"kascen-decors-graphiques-station-souterraine-tram-simonis-bruxelles","status":"publish","type":"post","link":"https:\/\/www.sitem.fr\/en\/kascen-decors-graphiques-station-souterraine-tram-simonis-bruxelles\/","title":{"rendered":"Kascen : d\u00e9cors graphiques pour la station souterraine de tram Simonis \u00e0 Bruxelles"},"content":{"rendered":"<p style=\"text-align: justify;\">Dans le cadre de l&#8217;ouverture en 2018 du terminus du Tram 9 \u00e0 la Station Simonis, \u00e0 Bruxelles, <strong>Kascen<\/strong> a \u00e9t\u00e9 mandat\u00e9 par Bruxelles Mobilit\u00e9 pour concevoir l&#8217;habillage graphique des d\u00e9cors des couloirs et des quais de la station de tram.<br \/>\nSur 2000 m2 de plaques de taules \u00e9maill\u00e9es, <strong>Kascen<\/strong> met en place des grandes iconographies d&#8217;archives et des graphismes originaux retra\u00e7ant l&#8217;histoire du tramway dans la capitale belge et la vie d&#8217;antan de ce quartier bruxellois.<\/p>\n<p style=\"text-align: justify;\"><a href=\"https:\/\/www.sitem.fr\/wp-content\/uploads\/2018\/02\/kascen-tram-simonis1.jpg\"><img loading=\"lazy\" decoding=\"async\" class=\"aligncenter  wp-image-9534\" src=\"https:\/\/www.sitem.fr\/wp-content\/uploads\/2018\/02\/kascen-tram-simonis1.jpg\" alt=\"kascen-tram-simonis1\" width=\"448\" height=\"461\" srcset=\"https:\/\/www.sitem.fr\/wp-content\/uploads\/2018\/02\/kascen-tram-simonis1.jpg 800w, https:\/\/www.sitem.fr\/wp-content\/uploads\/2018\/02\/kascen-tram-simonis1-600x617.jpg 600w, https:\/\/www.sitem.fr\/wp-content\/uploads\/2018\/02\/kascen-tram-simonis1-292x300.jpg 292w, https:\/\/www.sitem.fr\/wp-content\/uploads\/2018\/02\/kascen-tram-simonis1-768x790.jpg 768w\" sizes=\"auto, (max-width: 448px) 100vw, 448px\" \/><\/a> <a href=\"https:\/\/www.sitem.fr\/wp-content\/uploads\/2018\/02\/kascen-tram-simonis2.jpg\"><img loading=\"lazy\" decoding=\"async\" class=\"aligncenter  wp-image-9535\" src=\"https:\/\/www.sitem.fr\/wp-content\/uploads\/2018\/02\/kascen-tram-simonis2.jpg\" alt=\"kascen-tram-simonis2\" width=\"508\" height=\"316\" \/><\/a> <a href=\"https:\/\/www.sitem.fr\/wp-content\/uploads\/2018\/02\/kascen-tram-simonis3.jpg\"><img loading=\"lazy\" decoding=\"async\" class=\"aligncenter  wp-image-9536\" src=\"https:\/\/www.sitem.fr\/wp-content\/uploads\/2018\/02\/kascen-tram-simonis3.jpg\" alt=\"kascen-tram-simonis2\" width=\"510\" height=\"331\" \/><\/a>L\u00e9gendes et cr\u00e9dits des visuels : D\u00e9cors graphiques pour la Station souterraine de tram Simonis \u00e0 Bruxelles. \u00a9Kascen<\/p>\n<p style=\"text-align: justify;\"><a href=\"http:\/\/www.kascen.com\" target=\"_blank\">www.kascen.com<\/a><\/p>\n<p style=\"text-align: justify;\"><strong>Consultez la <a href=\"http:\/\/www.museumexperts.com\/nos_services\/annuaire\/prestataire\/3772\" target=\"_blank\">Fiche Annuaire<\/a> de KASCEN<\/strong><\/p>\n","protected":false},"excerpt":{"rendered":"Dans le cadre de l&#8217;ouverture en 2018 du terminus du Tram 9 \u00e0 la Station Simonis, \u00e0 Bruxelles, Kascen a \u00e9t\u00e9 mandat\u00e9 par Bruxelles Mobilit\u00e9 pour concevoir l&#8217;habillage graphique des d\u00e9cors des couloirs et des quais de la station de tram. Sur 2000 m2 de plaques de taules \u00e9maill\u00e9es, Kascen met en place des grandes&#8230; <br><a class=\"readm\" href=\"https:\/\/www.sitem.fr\/en\/kascen-decors-graphiques-station-souterraine-tram-simonis-bruxelles\/\">Read more<\/a>","protected":false},"author":2,"featured_media":9535,"comment_status":"open","ping_status":"open","sticky":false,"template":"","format":"standard","meta":{"_acf_changed":false,"footnotes":""},"categories":[1],"tags":[31],"class_list":["post-9532","post","type-post","status-publish","format-standard","has-post-thumbnail","hentry","category-non-classifiee","tag-kascen"],"acf":[],"_links":{"self":[{"href":"https:\/\/www.sitem.fr\/en\/wp-json\/wp\/v2\/posts\/9532","targetHints":{"allow":["GET"]}}],"collection":[{"href":"https:\/\/www.sitem.fr\/en\/wp-json\/wp\/v2\/posts"}],"about":[{"href":"https:\/\/www.sitem.fr\/en\/wp-json\/wp\/v2\/types\/post"}],"author":[{"embeddable":true,"href":"https:\/\/www.sitem.fr\/en\/wp-json\/wp\/v2\/users\/2"}],"replies":[{"embeddable":true,"href":"https:\/\/www.sitem.fr\/en\/wp-json\/wp\/v2\/comments?post=9532"}],"version-history":[{"count":2,"href":"https:\/\/www.sitem.fr\/en\/wp-json\/wp\/v2\/posts\/9532\/revisions"}],"predecessor-version":[{"id":9617,"href":"https:\/\/www.sitem.fr\/en\/wp-json\/wp\/v2\/posts\/9532\/revisions\/9617"}],"wp:featuredmedia":[{"embeddable":true,"href":"https:\/\/www.sitem.fr\/en\/wp-json\/wp\/v2\/media\/9535"}],"wp:attachment":[{"href":"https:\/\/www.sitem.fr\/en\/wp-json\/wp\/v2\/media?parent=9532"}],"wp:term":[{"taxonomy":"category","embeddable":true,"href":"https:\/\/www.sitem.fr\/en\/wp-json\/wp\/v2\/categories?post=9532"},{"taxonomy":"post_tag","embeddable":true,"href":"https:\/\/www.sitem.fr\/en\/wp-json\/wp\/v2\/tags?post=9532"}],"curies":[{"name":"wp","href":"https:\/\/api.w.org\/{rel}","templated":true}]}}