{"id":9539,"date":"2018-01-31T11:23:49","date_gmt":"2018-01-31T10:23:49","guid":{"rendered":"https:\/\/www.sitem.fr\/?p=9539"},"modified":"2018-10-08T17:25:17","modified_gmt":"2018-10-08T15:25:17","slug":"fabrique-creative-exposition-maisons-landaises-archives-departementales-landes","status":"publish","type":"post","link":"https:\/\/www.sitem.fr\/en\/fabrique-creative-exposition-maisons-landaises-archives-departementales-landes\/","title":{"rendered":"La fabrique cr\u00e9ative : exposition \u00ab\u00a0Les\u00a0maisons landaises, histoire et traditions\u00a0\u00bb &#8211; AD des Landes"},"content":{"rendered":"<p style=\"text-align: justify;\"><a href=\"https:\/\/www.sitem.fr\/wp-content\/uploads\/2018\/02\/LFC51-Landes-Bati2.jpg\"><img loading=\"lazy\" decoding=\"async\" class=\"aligncenter size-full wp-image-9537\" src=\"https:\/\/www.sitem.fr\/wp-content\/uploads\/2018\/02\/LFC51-Landes-Bati2.jpg\" alt=\"la-fabrique-cr\u00e9ative-exposition-maisons-landaises\" width=\"2983\" height=\"982\" \/><\/a><strong>La fabrique cr\u00e9ative<\/strong> livre l&#8217;exposition \u00ab\u00a0Les maisons landaises, histoire et traditions\u00a0\u00bb, pour les Archives D\u00e9partementales des Landes.<br \/>\nMaison trapue au bord des pins, maison de pierre \u00e0 deux \u00e9tages sur les rives de l&#8217;Adour,\u00a0ferme-cour sur les pentes des vallons, le b\u00e2ti rural des Landes s&#8217;est d\u00e9velopp\u00e9 sans unit\u00e9 de lieu dans ce d\u00e9partement de sable, de rivi\u00e8res et de collines, mais avec une unit\u00e9 de temps au cours de ces XVIIIe et XIXe si\u00e8cles.<\/p>\n<p style=\"text-align: justify;\">L\u2019exposition pr\u00e9sente, dans un espace r\u00e9interpr\u00e9tant la cour d\u2019une maison landaise, autour d\u2019aquarelles contemporaines de Dominique Duplantier illustrant leur diversit\u00e9, des documents d\u2019archives ainsi qu\u2019une table interactive et tactile proposant au visiteur de construire lui m\u00eame sa maison.<br \/>\nLe visiteur peut \u00e9galement toucher les mat\u00e9riaux constitutifs de ces maisons, dans de petits supports inclin\u00e9s \u00e0 diff\u00e9rentes hauteurs, pour petits et grands.<\/p>\n<p style=\"text-align: justify;\">Exposition pr\u00e9sent\u00e9e du 19 novembre 2017 au 28 juin 2019.<br \/>\nSc\u00e9nographie, graphisme et conception lumi\u00e8re : <strong>La Fabrique Cr\u00e9ative<\/strong><br \/>\nProduction multim\u00e9dia : Fleur de papier<br \/>\nAgencement g\u00e9n\u00e9ral : Atelier Panel<br \/>\nEquipements lumi\u00e8re : Novelty<br \/>\nImpression : Visio plus<br \/>\nEncadrements : Atelier du cadre<\/p>\n<p style=\"text-align: justify;\">www.la-fabrique-creative.fr et sur <a href=\"https:\/\/www.facebook.com\/La-fabrique-cr%C3%A9ative-267993320032069\/\" target=\"_blank\">Facebook<\/a><\/p>\n<p style=\"text-align: justify;\"><strong>Consultez la <a href=\"http:\/\/www.museumexperts.com\/nos_services\/annuaire\/prestataire\/2399\" target=\"_blank\">Fiche Annuaire<\/a> de LA FABRIQUE CR\u00c9ATIVE <\/strong><\/p>\n","protected":false},"excerpt":{"rendered":"La fabrique cr\u00e9ative livre l&#8217;exposition \u00ab\u00a0Les maisons landaises, histoire et traditions\u00a0\u00bb, pour les Archives D\u00e9partementales des Landes. Maison trapue au bord des pins, maison de pierre \u00e0 deux \u00e9tages sur les rives de l&#8217;Adour,\u00a0ferme-cour sur les pentes des vallons, le b\u00e2ti rural des Landes s&#8217;est d\u00e9velopp\u00e9 sans unit\u00e9 de lieu dans ce d\u00e9partement de sable,&#8230; <br><a class=\"readm\" href=\"https:\/\/www.sitem.fr\/en\/fabrique-creative-exposition-maisons-landaises-archives-departementales-landes\/\">Read more<\/a>","protected":false},"author":2,"featured_media":9538,"comment_status":"open","ping_status":"open","sticky":false,"template":"","format":"standard","meta":{"_acf_changed":false,"footnotes":""},"categories":[1],"tags":[44],"class_list":["post-9539","post","type-post","status-publish","format-standard","has-post-thumbnail","hentry","category-non-classifiee","tag-la-fabrique-creative"],"acf":[],"_links":{"self":[{"href":"https:\/\/www.sitem.fr\/en\/wp-json\/wp\/v2\/posts\/9539","targetHints":{"allow":["GET"]}}],"collection":[{"href":"https:\/\/www.sitem.fr\/en\/wp-json\/wp\/v2\/posts"}],"about":[{"href":"https:\/\/www.sitem.fr\/en\/wp-json\/wp\/v2\/types\/post"}],"author":[{"embeddable":true,"href":"https:\/\/www.sitem.fr\/en\/wp-json\/wp\/v2\/users\/2"}],"replies":[{"embeddable":true,"href":"https:\/\/www.sitem.fr\/en\/wp-json\/wp\/v2\/comments?post=9539"}],"version-history":[{"count":3,"href":"https:\/\/www.sitem.fr\/en\/wp-json\/wp\/v2\/posts\/9539\/revisions"}],"predecessor-version":[{"id":10848,"href":"https:\/\/www.sitem.fr\/en\/wp-json\/wp\/v2\/posts\/9539\/revisions\/10848"}],"wp:featuredmedia":[{"embeddable":true,"href":"https:\/\/www.sitem.fr\/en\/wp-json\/wp\/v2\/media\/9538"}],"wp:attachment":[{"href":"https:\/\/www.sitem.fr\/en\/wp-json\/wp\/v2\/media?parent=9539"}],"wp:term":[{"taxonomy":"category","embeddable":true,"href":"https:\/\/www.sitem.fr\/en\/wp-json\/wp\/v2\/categories?post=9539"},{"taxonomy":"post_tag","embeddable":true,"href":"https:\/\/www.sitem.fr\/en\/wp-json\/wp\/v2\/tags?post=9539"}],"curies":[{"name":"wp","href":"https:\/\/api.w.org\/{rel}","templated":true}]}}