{"id":9551,"date":"2018-01-31T11:24:17","date_gmt":"2018-01-31T10:24:17","guid":{"rendered":"https:\/\/www.sitem.fr\/?p=9551"},"modified":"2018-10-08T17:22:37","modified_gmt":"2018-10-08T15:22:37","slug":"agence-point-de-fuite-brochure-saison-culturelle-2018-musee-grande-guerre-meaux","status":"publish","type":"post","link":"https:\/\/www.sitem.fr\/en\/agence-point-de-fuite-brochure-saison-culturelle-2018-musee-grande-guerre-meaux\/","title":{"rendered":"Agence Point de Fuite : brochure de la Saison Culturelle 2018 du mus\u00e9e de la Grande Guerre de Meaux"},"content":{"rendered":"<p style=\"text-align: justify;\"><a href=\"https:\/\/www.sitem.fr\/wp-content\/uploads\/2018\/02\/bandeau-1.jpg\"><img loading=\"lazy\" decoding=\"async\" class=\"aligncenter size-full wp-image-9552\" src=\"https:\/\/www.sitem.fr\/wp-content\/uploads\/2018\/02\/bandeau-1.jpg\" alt=\"agence-point-de-fuite-saison-culturelle-musee-grande-guerre-meaux\" width=\"3408\" height=\"1022\" \/><\/a>Le d\u00e9partement de Design Graphique de l&#8217;<strong>Agence Point de Fuite<\/strong> a con\u00e7u et maquett\u00e9 la brochure de la Saison Culturelle 2018 du mus\u00e9e de la Grande Guerre (Meaux-77).<br \/>\nCelle-ci pr\u00e9sente, sur 72 pages, l&#8217;ensemble des activit\u00e9s propos\u00e9es par l&#8217;\u00e9quipe du mus\u00e9e et ses partenaires : visites guid\u00e9es, conf\u00e9rences, ateliers, sports, activit\u00e9s jeune public\u2026<\/p>\n<p style=\"text-align: justify;\">Depuis 2014, c&#8217;est la cinqui\u00e8me brochure culturelle con\u00e7ue par l&#8217;<strong>Agence Point de Fuite<\/strong> pour le mus\u00e9e de la Grande Guerre.<\/p>\n<p style=\"text-align: justify;\">L&#8217;agence accompagne \u00e9galement ce mus\u00e9e dans la conception des outils p\u00e9dagogiques, des guides-aides \u00e0 la visite, des rapports d&#8217;activit\u00e9s, des expositions itin\u00e9rantes, de la communication, etc.<\/p>\n<p style=\"text-align: justify;\">www.pointdefuite.fr<\/p>\n<p style=\"text-align: justify;\"><strong>Consultez la <a href=\"http:\/\/www.museumexperts.com\/nos_services\/annuaire\/prestataire\/2465\" target=\"_blank\">Fiche Annuaire<\/a> de POINT DE FUITE<\/strong><\/p>\n","protected":false},"excerpt":{"rendered":"Le d\u00e9partement de Design Graphique de l&#8217;Agence Point de Fuite a con\u00e7u et maquett\u00e9 la brochure de la Saison Culturelle 2018 du mus\u00e9e de la Grande Guerre (Meaux-77). Celle-ci pr\u00e9sente, sur 72 pages, l&#8217;ensemble des activit\u00e9s propos\u00e9es par l&#8217;\u00e9quipe du mus\u00e9e et ses partenaires : visites guid\u00e9es, conf\u00e9rences, ateliers, sports, activit\u00e9s jeune public\u2026 Depuis 2014,&#8230; <br><a class=\"readm\" href=\"https:\/\/www.sitem.fr\/en\/agence-point-de-fuite-brochure-saison-culturelle-2018-musee-grande-guerre-meaux\/\">Read more<\/a>","protected":false},"author":2,"featured_media":9553,"comment_status":"open","ping_status":"open","sticky":false,"template":"","format":"standard","meta":{"_acf_changed":false,"footnotes":""},"categories":[1],"tags":[70],"class_list":["post-9551","post","type-post","status-publish","format-standard","has-post-thumbnail","hentry","category-non-classifiee","tag-agence-point-de-fuite"],"acf":[],"_links":{"self":[{"href":"https:\/\/www.sitem.fr\/en\/wp-json\/wp\/v2\/posts\/9551","targetHints":{"allow":["GET"]}}],"collection":[{"href":"https:\/\/www.sitem.fr\/en\/wp-json\/wp\/v2\/posts"}],"about":[{"href":"https:\/\/www.sitem.fr\/en\/wp-json\/wp\/v2\/types\/post"}],"author":[{"embeddable":true,"href":"https:\/\/www.sitem.fr\/en\/wp-json\/wp\/v2\/users\/2"}],"replies":[{"embeddable":true,"href":"https:\/\/www.sitem.fr\/en\/wp-json\/wp\/v2\/comments?post=9551"}],"version-history":[{"count":3,"href":"https:\/\/www.sitem.fr\/en\/wp-json\/wp\/v2\/posts\/9551\/revisions"}],"predecessor-version":[{"id":10803,"href":"https:\/\/www.sitem.fr\/en\/wp-json\/wp\/v2\/posts\/9551\/revisions\/10803"}],"wp:featuredmedia":[{"embeddable":true,"href":"https:\/\/www.sitem.fr\/en\/wp-json\/wp\/v2\/media\/9553"}],"wp:attachment":[{"href":"https:\/\/www.sitem.fr\/en\/wp-json\/wp\/v2\/media?parent=9551"}],"wp:term":[{"taxonomy":"category","embeddable":true,"href":"https:\/\/www.sitem.fr\/en\/wp-json\/wp\/v2\/categories?post=9551"},{"taxonomy":"post_tag","embeddable":true,"href":"https:\/\/www.sitem.fr\/en\/wp-json\/wp\/v2\/tags?post=9551"}],"curies":[{"name":"wp","href":"https:\/\/api.w.org\/{rel}","templated":true}]}}