{"id":9641,"date":"2018-02-28T11:26:20","date_gmt":"2018-02-28T10:26:20","guid":{"rendered":"https:\/\/www.sitem.fr\/?p=9641"},"modified":"2018-03-06T18:17:25","modified_gmt":"2018-03-06T17:17:25","slug":"studio-graphique-agence-privee-portail-des-collections","status":"publish","type":"post","link":"https:\/\/www.sitem.fr\/en\/studio-graphique-agence-privee-portail-des-collections\/","title":{"rendered":"Le studio graphique de l&#8217;Agence Priv\u00e9e d\u00e9veloppe sa comp\u00e9tence &#8220;portail des collections&#8221;"},"content":{"rendered":"<p style=\"text-align: justify;\">Avec d\u00e9j\u00e0 quelques belles r\u00e9f\u00e9rences de r\u00e9alisation en mati\u00e8re de portails des collections pour les mus\u00e9es, fondations, collectivit\u00e9s culturelles&#8230; l&#8217;<strong>Agence Priv\u00e9e<\/strong> d\u00e9veloppe son savoir-faire en mati\u00e8re de valorisation et de publication des collections vers tous les publics.<\/p>\n<p style=\"text-align: justify;\"><a href=\"https:\/\/www.sitem.fr\/wp-content\/uploads\/2018\/03\/Portail-web-Rodin.jpg\"><img loading=\"lazy\" decoding=\"async\" class=\"aligncenter size-full wp-image-9639\" src=\"https:\/\/www.sitem.fr\/wp-content\/uploads\/2018\/03\/Portail-web-Rodin.jpg\" alt=\"Portail des collections Mus\u00e9e Rodin\" width=\"795\" height=\"629\" srcset=\"https:\/\/www.sitem.fr\/wp-content\/uploads\/2018\/03\/Portail-web-Rodin.jpg 795w, https:\/\/www.sitem.fr\/wp-content\/uploads\/2018\/03\/Portail-web-Rodin-600x475.jpg 600w, https:\/\/www.sitem.fr\/wp-content\/uploads\/2018\/03\/Portail-web-Rodin-556x440.jpg 556w, https:\/\/www.sitem.fr\/wp-content\/uploads\/2018\/03\/Portail-web-Rodin-768x608.jpg 768w, https:\/\/www.sitem.fr\/wp-content\/uploads\/2018\/03\/Portail-web-Rodin-300x237.jpg 300w\" sizes=\"auto, (max-width: 795px) 100vw, 795px\" \/><\/a> <a href=\"https:\/\/www.sitem.fr\/wp-content\/uploads\/2018\/03\/palanca.jpg\"><img loading=\"lazy\" decoding=\"async\" class=\"aligncenter size-full wp-image-9638\" src=\"https:\/\/www.sitem.fr\/wp-content\/uploads\/2018\/03\/palanca.jpg\" alt=\"Portail des collections Palanca\" width=\"800\" height=\"691\" srcset=\"https:\/\/www.sitem.fr\/wp-content\/uploads\/2018\/03\/palanca.jpg 800w, https:\/\/www.sitem.fr\/wp-content\/uploads\/2018\/03\/palanca-600x518.jpg 600w, https:\/\/www.sitem.fr\/wp-content\/uploads\/2018\/03\/palanca-300x259.jpg 300w, https:\/\/www.sitem.fr\/wp-content\/uploads\/2018\/03\/palanca-768x663.jpg 768w\" sizes=\"auto, (max-width: 800px) 100vw, 800px\" \/><\/a> <a href=\"https:\/\/www.sitem.fr\/wp-content\/uploads\/2018\/03\/maeght.jpg\"><img loading=\"lazy\" decoding=\"async\" class=\"aligncenter size-full wp-image-9637\" src=\"https:\/\/www.sitem.fr\/wp-content\/uploads\/2018\/03\/maeght.jpg\" alt=\"Portail des collections Fondation Maeght\" width=\"800\" height=\"472\" srcset=\"https:\/\/www.sitem.fr\/wp-content\/uploads\/2018\/03\/maeght.jpg 800w, https:\/\/www.sitem.fr\/wp-content\/uploads\/2018\/03\/maeght-600x354.jpg 600w, https:\/\/www.sitem.fr\/wp-content\/uploads\/2018\/03\/maeght-300x177.jpg 300w, https:\/\/www.sitem.fr\/wp-content\/uploads\/2018\/03\/maeght-768x453.jpg 768w\" sizes=\"auto, (max-width: 800px) 100vw, 800px\" \/><\/a>Interfaces contemporains et fid\u00e8les \u00e0 l&#8217;identit\u00e9 visuelle de chaque structure, architecture technique et graphique soign\u00e9es, voil\u00e0 les leitmotiv de ces conceptions efficaces et esth\u00e9tiques : Le Mad &#8211; Mus\u00e9e des arts d\u00e9coratifs, le mus\u00e9e Rodin, le mus\u00e9e de l&#8217;Ordre de la lib\u00e9ration, le Mus\u00e9e de l&#8217;\u00e9ducation, La ville de Bagnols sur C\u00e8ze, le portail du patrimoine \u00e9crit, graphique et sonore en Occitanie &#8211; Palanca, la Fondation Maeght&#8230; etc, en cours le portail Lacoste.<\/p>\n<p style=\"text-align: justify;\"><a href=\"http:\/\/www.agence-privee.org\/\" target=\"_blank\">www.agence-privee.fr<\/a><\/p>\n<p style=\"text-align: justify;\"><strong>Consultez la <a href=\"http:\/\/www.museumexperts.com\/nos_services\/annuaire\/prestataire\/4341\" target=\"_blank\">Fiche Annuaire<\/a> de L&#8217;AGENCE PRIVEE <\/strong><\/p>\n","protected":false},"excerpt":{"rendered":"Avec d\u00e9j\u00e0 quelques belles r\u00e9f\u00e9rences de r\u00e9alisation en mati\u00e8re de portails des collections pour les mus\u00e9es, fondations, collectivit\u00e9s culturelles&#8230; l&#8217;Agence Priv\u00e9e d\u00e9veloppe son savoir-faire en mati\u00e8re de valorisation et de publication des collections vers tous les publics. Interfaces contemporains et fid\u00e8les \u00e0 l&#8217;identit\u00e9 visuelle de chaque structure, architecture technique et graphique soign\u00e9es, voil\u00e0 les leitmotiv&#8230; <br><a class=\"readm\" href=\"https:\/\/www.sitem.fr\/en\/studio-graphique-agence-privee-portail-des-collections\/\">Read more<\/a>","protected":false},"author":2,"featured_media":9639,"comment_status":"open","ping_status":"open","sticky":false,"template":"","format":"standard","meta":{"_acf_changed":false,"footnotes":""},"categories":[147],"tags":[439],"class_list":["post-9641","post","type-post","status-publish","format-standard","has-post-thumbnail","hentry","category-gestion-informatisee-des-collections-2","tag-agence-privee-scenographie"],"acf":[],"_links":{"self":[{"href":"https:\/\/www.sitem.fr\/en\/wp-json\/wp\/v2\/posts\/9641","targetHints":{"allow":["GET"]}}],"collection":[{"href":"https:\/\/www.sitem.fr\/en\/wp-json\/wp\/v2\/posts"}],"about":[{"href":"https:\/\/www.sitem.fr\/en\/wp-json\/wp\/v2\/types\/post"}],"author":[{"embeddable":true,"href":"https:\/\/www.sitem.fr\/en\/wp-json\/wp\/v2\/users\/2"}],"replies":[{"embeddable":true,"href":"https:\/\/www.sitem.fr\/en\/wp-json\/wp\/v2\/comments?post=9641"}],"version-history":[{"count":3,"href":"https:\/\/www.sitem.fr\/en\/wp-json\/wp\/v2\/posts\/9641\/revisions"}],"predecessor-version":[{"id":9761,"href":"https:\/\/www.sitem.fr\/en\/wp-json\/wp\/v2\/posts\/9641\/revisions\/9761"}],"wp:featuredmedia":[{"embeddable":true,"href":"https:\/\/www.sitem.fr\/en\/wp-json\/wp\/v2\/media\/9639"}],"wp:attachment":[{"href":"https:\/\/www.sitem.fr\/en\/wp-json\/wp\/v2\/media?parent=9641"}],"wp:term":[{"taxonomy":"category","embeddable":true,"href":"https:\/\/www.sitem.fr\/en\/wp-json\/wp\/v2\/categories?post=9641"},{"taxonomy":"post_tag","embeddable":true,"href":"https:\/\/www.sitem.fr\/en\/wp-json\/wp\/v2\/tags?post=9641"}],"curies":[{"name":"wp","href":"https:\/\/api.w.org\/{rel}","templated":true}]}}