{"id":9654,"date":"2018-02-28T11:23:44","date_gmt":"2018-02-28T10:23:44","guid":{"rendered":"https:\/\/www.sitem.fr\/?p=9654"},"modified":"2018-03-06T18:17:57","modified_gmt":"2018-03-06T17:17:57","slug":"maquette-ancien-couvent-redemptoristines-riom-archi-tact","status":"publish","type":"post","link":"https:\/\/www.sitem.fr\/en\/maquette-ancien-couvent-redemptoristines-riom-archi-tact\/","title":{"rendered":"Maquette de l&#8217;ancien couvent des R\u00e9demptoristines de Riom qui va devenir \u00e9coles d&#8217;art et de musique"},"content":{"rendered":"<p style=\"text-align: justify;\"><strong>Archi-Tact<\/strong> a r\u00e9alis\u00e9 la maquette de l&#8217;ancien couvent des R\u00e9demptoristines de Riom qui va prochainement accueillir des \u00e9coles d&#8217;art et de musique.<br \/>\nC&#8217;est une premi\u00e8re maquette qui devrait en voir venir deux autres : celle de la m\u00e9diath\u00e8que et du complexe de cin\u00e9mas qui vont prendre place sur plus d&#8217;1,5 hectare de terrain.<br \/>\nC&#8217;est un projet appel\u00e9 &#8220;Les jardins de la culture&#8221; et qui est port\u00e9 par le territoire Riom Limagne Volcans.<br \/>\nIl vise \u00e0 regrouper diff\u00e9rentes pratiques culturelles dans un lieu paysager.<\/p>\n<div id=\"attachment_9650\" style=\"width: 1290px\" class=\"wp-caption aligncenter\"><a href=\"https:\/\/www.sitem.fr\/wp-content\/uploads\/2018\/03\/Couvent-co\u0302te\u0301-rue.jpeg\"><img loading=\"lazy\" decoding=\"async\" aria-describedby=\"caption-attachment-9650\" class=\"size-full wp-image-9650\" src=\"https:\/\/www.sitem.fr\/wp-content\/uploads\/2018\/03\/Couvent-co\u0302te\u0301-rue.jpeg\" alt=\"couvent-redemptoristines-riom-cote-rue\" width=\"1280\" height=\"960\" srcset=\"https:\/\/www.sitem.fr\/wp-content\/uploads\/2018\/03\/Couvent-co\u0302te\u0301-rue.jpeg 1280w, https:\/\/www.sitem.fr\/wp-content\/uploads\/2018\/03\/Couvent-co\u0302te\u0301-rue-600x450.jpeg 600w, https:\/\/www.sitem.fr\/wp-content\/uploads\/2018\/03\/Couvent-co\u0302te\u0301-rue-587x440.jpeg 587w, https:\/\/www.sitem.fr\/wp-content\/uploads\/2018\/03\/Couvent-co\u0302te\u0301-rue-1024x768.jpeg 1024w, https:\/\/www.sitem.fr\/wp-content\/uploads\/2018\/03\/Couvent-co\u0302te\u0301-rue-768x576.jpeg 768w, https:\/\/www.sitem.fr\/wp-content\/uploads\/2018\/03\/Couvent-co\u0302te\u0301-rue-300x225.jpeg 300w, https:\/\/www.sitem.fr\/wp-content\/uploads\/2018\/03\/Couvent-co\u0302te\u0301-rue-80x60.jpeg 80w\" sizes=\"auto, (max-width: 1280px) 100vw, 1280px\" \/><\/a><p id=\"caption-attachment-9650\" class=\"wp-caption-text\">Maquette de l&#8217;ancien couvent des R\u00e9demptoristines de Riom, c\u00f4t\u00e9 rue<\/p><\/div>\n<div id=\"attachment_9649\" style=\"width: 1290px\" class=\"wp-caption aligncenter\"><a href=\"https:\/\/www.sitem.fr\/wp-content\/uploads\/2018\/03\/Couvent-co\u0302te\u0301-jardin.jpeg\"><img loading=\"lazy\" decoding=\"async\" aria-describedby=\"caption-attachment-9649\" class=\"size-full wp-image-9649\" src=\"https:\/\/www.sitem.fr\/wp-content\/uploads\/2018\/03\/Couvent-co\u0302te\u0301-jardin.jpeg\" alt=\"couvent-redemptoristines-riom-cote-jardin\" width=\"1280\" height=\"960\" srcset=\"https:\/\/www.sitem.fr\/wp-content\/uploads\/2018\/03\/Couvent-co\u0302te\u0301-jardin.jpeg 1280w, https:\/\/www.sitem.fr\/wp-content\/uploads\/2018\/03\/Couvent-co\u0302te\u0301-jardin-600x450.jpeg 600w, https:\/\/www.sitem.fr\/wp-content\/uploads\/2018\/03\/Couvent-co\u0302te\u0301-jardin-300x225.jpeg 300w, https:\/\/www.sitem.fr\/wp-content\/uploads\/2018\/03\/Couvent-co\u0302te\u0301-jardin-768x576.jpeg 768w, https:\/\/www.sitem.fr\/wp-content\/uploads\/2018\/03\/Couvent-co\u0302te\u0301-jardin-1024x768.jpeg 1024w, https:\/\/www.sitem.fr\/wp-content\/uploads\/2018\/03\/Couvent-co\u0302te\u0301-jardin-80x60.jpeg 80w\" sizes=\"auto, (max-width: 1280px) 100vw, 1280px\" \/><\/a><p id=\"caption-attachment-9649\" class=\"wp-caption-text\">Maquette de l&#8217;ancien couvent des R\u00e9demptoristines de Riom, c\u00f4t\u00e9 jardin<\/p><\/div>\n<div id=\"attachment_9648\" style=\"width: 1290px\" class=\"wp-caption aligncenter\"><a href=\"https:\/\/www.sitem.fr\/wp-content\/uploads\/2018\/03\/Cloitre.jpeg\"><img loading=\"lazy\" decoding=\"async\" aria-describedby=\"caption-attachment-9648\" class=\"size-full wp-image-9648\" src=\"https:\/\/www.sitem.fr\/wp-content\/uploads\/2018\/03\/Cloitre.jpeg\" alt=\"couvent-redemptoristines-riom-cloitre\" width=\"1280\" height=\"960\" srcset=\"https:\/\/www.sitem.fr\/wp-content\/uploads\/2018\/03\/Cloitre.jpeg 1280w, https:\/\/www.sitem.fr\/wp-content\/uploads\/2018\/03\/Cloitre-600x450.jpeg 600w, https:\/\/www.sitem.fr\/wp-content\/uploads\/2018\/03\/Cloitre-300x225.jpeg 300w, https:\/\/www.sitem.fr\/wp-content\/uploads\/2018\/03\/Cloitre-768x576.jpeg 768w, https:\/\/www.sitem.fr\/wp-content\/uploads\/2018\/03\/Cloitre-1024x768.jpeg 1024w, https:\/\/www.sitem.fr\/wp-content\/uploads\/2018\/03\/Cloitre-80x60.jpeg 80w\" sizes=\"auto, (max-width: 1280px) 100vw, 1280px\" \/><\/a><p id=\"caption-attachment-9648\" class=\"wp-caption-text\">Maquette de l&#8217;ancien couvent des R\u00e9demptoristines de Riom, clo\u00eetre<\/p><\/div>\n<p style=\"text-align: justify;\">La maquette est \u00e0 l&#8217;\u00e9chelle 1\/100\u00e8me soit 1cm pour 1m. Elle permet de d\u00e9couvrir l&#8217;architecture de l&#8217;ancien couvent et la r\u00e9habilitation faite par le cabinet d&#8217;architecture ACA de Clermont-Ferrand.<\/p>\n<p style=\"text-align: justify;\"><a href=\"http:\/\/www.archi-tact.com\/\" target=\"_blank\">www.archi-tact.com<\/a><\/p>\n<p style=\"text-align: justify;\"><strong>Consultez la <a href=\"hhttp:\/\/www.museumexperts.com\/nos_services\/annuaire\/prestataire\/431\" target=\"_blank\">Fiche Annuaire<\/a> de ARCHI-TACT<\/strong><\/p>\n","protected":false},"excerpt":{"rendered":"Archi-Tact a r\u00e9alis\u00e9 la maquette de l&#8217;ancien couvent des R\u00e9demptoristines de Riom qui va prochainement accueillir des \u00e9coles d&#8217;art et de musique. C&#8217;est une premi\u00e8re maquette qui devrait en voir venir deux autres : celle de la m\u00e9diath\u00e8que et du complexe de cin\u00e9mas qui vont prendre place sur plus d&#8217;1,5 hectare de terrain. C&#8217;est un&#8230; <br><a class=\"readm\" href=\"https:\/\/www.sitem.fr\/en\/maquette-ancien-couvent-redemptoristines-riom-archi-tact\/\">Read more<\/a>","protected":false},"author":2,"featured_media":9650,"comment_status":"open","ping_status":"open","sticky":false,"template":"","format":"standard","meta":{"_acf_changed":false,"footnotes":""},"categories":[1],"tags":[9],"class_list":["post-9654","post","type-post","status-publish","format-standard","has-post-thumbnail","hentry","category-non-classifiee","tag-archi-tact"],"acf":[],"_links":{"self":[{"href":"https:\/\/www.sitem.fr\/en\/wp-json\/wp\/v2\/posts\/9654","targetHints":{"allow":["GET"]}}],"collection":[{"href":"https:\/\/www.sitem.fr\/en\/wp-json\/wp\/v2\/posts"}],"about":[{"href":"https:\/\/www.sitem.fr\/en\/wp-json\/wp\/v2\/types\/post"}],"author":[{"embeddable":true,"href":"https:\/\/www.sitem.fr\/en\/wp-json\/wp\/v2\/users\/2"}],"replies":[{"embeddable":true,"href":"https:\/\/www.sitem.fr\/en\/wp-json\/wp\/v2\/comments?post=9654"}],"version-history":[{"count":2,"href":"https:\/\/www.sitem.fr\/en\/wp-json\/wp\/v2\/posts\/9654\/revisions"}],"predecessor-version":[{"id":9758,"href":"https:\/\/www.sitem.fr\/en\/wp-json\/wp\/v2\/posts\/9654\/revisions\/9758"}],"wp:featuredmedia":[{"embeddable":true,"href":"https:\/\/www.sitem.fr\/en\/wp-json\/wp\/v2\/media\/9650"}],"wp:attachment":[{"href":"https:\/\/www.sitem.fr\/en\/wp-json\/wp\/v2\/media?parent=9654"}],"wp:term":[{"taxonomy":"category","embeddable":true,"href":"https:\/\/www.sitem.fr\/en\/wp-json\/wp\/v2\/categories?post=9654"},{"taxonomy":"post_tag","embeddable":true,"href":"https:\/\/www.sitem.fr\/en\/wp-json\/wp\/v2\/tags?post=9654"}],"curies":[{"name":"wp","href":"https:\/\/api.w.org\/{rel}","templated":true}]}}