{"id":9662,"date":"2018-02-28T11:25:45","date_gmt":"2018-02-28T10:25:45","guid":{"rendered":"https:\/\/www.sitem.fr\/?p=9662"},"modified":"2018-03-06T18:18:34","modified_gmt":"2018-03-06T17:18:34","slug":"centre-congres-rennes-couvent-jacobins-signaletique-boscher","status":"publish","type":"post","link":"https:\/\/www.sitem.fr\/en\/centre-congres-rennes-couvent-jacobins-signaletique-boscher\/","title":{"rendered":"Le Centre des Congr\u00e8s de Rennes s\u2019installe dans le Couvent des Jacobins avec une signal\u00e9tique install\u00e9e par Boscher"},"content":{"rendered":"<p style=\"text-align: justify;\">Le <a href=\"http:\/\/www.centre-congres-rennes\" target=\"_blank\">Centre des Congr\u00e8s de Rennes<\/a> s\u2019installe dans le Couvent des Jacobins, en plein centre-ville. Quatre ans de travaux ont \u00e9t\u00e9 n\u00e9cessaires pour la r\u00e9novation et la restauration.<br \/>\nD\u00e9di\u00e9 aux rencontres professionnelles, le Couvent accueillera \u00e9galement l\u2019orchestre philharmonique de Bretagne dans l\u2019immense auditorium ainsi que des expositions sur plus de 3\u00a0000 m\u00b2.<\/p>\n<p style=\"text-align: justify;\">La signal\u00e9tique, con\u00e7ue par l\u2019agence <a href=\"http:\/\/www.unsens.com\" target=\"_blank\">UN SENS<\/a>, s\u2019int\u00e8gre le plus sobrement possible au b\u00e2timent\u00a0: lettrages d\u00e9coup\u00e9s, en adh\u00e9sif ou en relief (aluminium d\u00e9coup\u00e9), pictogrammes et identifications des espaces en noir et blanc. Les espaces majeurs sont identifi\u00e9s en trois langues et trois couleurs\u00a0: Breton, Fran\u00e7ais, Anglais.<\/p>\n<p style=\"text-align: justify;\"><a href=\"https:\/\/www.sitem.fr\/wp-content\/uploads\/2018\/03\/IMG_20180105_132425.jpg\"><img loading=\"lazy\" decoding=\"async\" class=\"aligncenter size-full wp-image-9652\" src=\"https:\/\/www.sitem.fr\/wp-content\/uploads\/2018\/03\/IMG_20180105_132425.jpg\" alt=\"boscher-centre-congres-rennes-couvent-jacobins\" width=\"2336\" height=\"4160\" \/><\/a> <a href=\"https:\/\/www.sitem.fr\/wp-content\/uploads\/2018\/03\/IMG_20180109_085937.jpg\"><img loading=\"lazy\" decoding=\"async\" class=\"aligncenter size-full wp-image-9653\" src=\"https:\/\/www.sitem.fr\/wp-content\/uploads\/2018\/03\/IMG_20180109_085937.jpg\" alt=\"boscher-centre-congres-rennes-couvent-jacobins\" width=\"3968\" height=\"2976\" \/><\/a> <a href=\"https:\/\/www.sitem.fr\/wp-content\/uploads\/2018\/03\/IMG_20180109_101838.jpg\"><img loading=\"lazy\" decoding=\"async\" class=\"aligncenter size-full wp-image-9655\" src=\"https:\/\/www.sitem.fr\/wp-content\/uploads\/2018\/03\/IMG_20180109_101838.jpg\" alt=\"boscher-centre-congres-rennes-couvent-jacobins\" width=\"3968\" height=\"2976\" \/><\/a>L\u00e9gendes et cr\u00e9dits des visuels : signal\u00e9tique Boscher Signal\u00e9tique et Image pour le Centre des Congr\u00e8s de Rennes.<\/p>\n<p style=\"text-align: justify;\"><a href=\"http:\/\/www.boscher.fr\">www.boscher.fr<\/a><\/p>\n<p style=\"text-align: justify;\"><strong>Consultez la <a href=\"http:\/\/www.museumexperts.com\/nos_services\/annuaire\/prestataire\/651\" target=\"_blank\">Fiche Annuaire<\/a> de Boscher Signal\u00e9tique et Image<\/strong><\/p>\n","protected":false},"excerpt":{"rendered":"Le Centre des Congr\u00e8s de Rennes s\u2019installe dans le Couvent des Jacobins, en plein centre-ville. Quatre ans de travaux ont \u00e9t\u00e9 n\u00e9cessaires pour la r\u00e9novation et la restauration. D\u00e9di\u00e9 aux rencontres professionnelles, le Couvent accueillera \u00e9galement l\u2019orchestre philharmonique de Bretagne dans l\u2019immense auditorium ainsi que des expositions sur plus de 3\u00a0000 m\u00b2. La signal\u00e9tique, con\u00e7ue&#8230; <br><a class=\"readm\" href=\"https:\/\/www.sitem.fr\/en\/centre-congres-rennes-couvent-jacobins-signaletique-boscher\/\">Read more<\/a>","protected":false},"author":2,"featured_media":9652,"comment_status":"open","ping_status":"open","sticky":false,"template":"","format":"standard","meta":{"_acf_changed":false,"footnotes":""},"categories":[1],"tags":[18],"class_list":["post-9662","post","type-post","status-publish","format-standard","has-post-thumbnail","hentry","category-non-classifiee","tag-boscher"],"acf":[],"_links":{"self":[{"href":"https:\/\/www.sitem.fr\/en\/wp-json\/wp\/v2\/posts\/9662","targetHints":{"allow":["GET"]}}],"collection":[{"href":"https:\/\/www.sitem.fr\/en\/wp-json\/wp\/v2\/posts"}],"about":[{"href":"https:\/\/www.sitem.fr\/en\/wp-json\/wp\/v2\/types\/post"}],"author":[{"embeddable":true,"href":"https:\/\/www.sitem.fr\/en\/wp-json\/wp\/v2\/users\/2"}],"replies":[{"embeddable":true,"href":"https:\/\/www.sitem.fr\/en\/wp-json\/wp\/v2\/comments?post=9662"}],"version-history":[{"count":2,"href":"https:\/\/www.sitem.fr\/en\/wp-json\/wp\/v2\/posts\/9662\/revisions"}],"predecessor-version":[{"id":9755,"href":"https:\/\/www.sitem.fr\/en\/wp-json\/wp\/v2\/posts\/9662\/revisions\/9755"}],"wp:featuredmedia":[{"embeddable":true,"href":"https:\/\/www.sitem.fr\/en\/wp-json\/wp\/v2\/media\/9652"}],"wp:attachment":[{"href":"https:\/\/www.sitem.fr\/en\/wp-json\/wp\/v2\/media?parent=9662"}],"wp:term":[{"taxonomy":"category","embeddable":true,"href":"https:\/\/www.sitem.fr\/en\/wp-json\/wp\/v2\/categories?post=9662"},{"taxonomy":"post_tag","embeddable":true,"href":"https:\/\/www.sitem.fr\/en\/wp-json\/wp\/v2\/tags?post=9662"}],"curies":[{"name":"wp","href":"https:\/\/api.w.org\/{rel}","templated":true}]}}