{"id":9664,"date":"2018-02-28T11:28:17","date_gmt":"2018-02-28T10:28:17","guid":{"rendered":"https:\/\/www.sitem.fr\/?p=9664"},"modified":"2018-03-06T18:18:47","modified_gmt":"2018-03-06T17:18:47","slug":"bruynzeel-solutions-rangement-efficaces-pratiques-frac-bretagne","status":"publish","type":"post","link":"https:\/\/www.sitem.fr\/en\/bruynzeel-solutions-rangement-efficaces-pratiques-frac-bretagne\/","title":{"rendered":"Bruynzeel : des solutions de rangement efficaces et pratiques au Frac Bretagne"},"content":{"rendered":"<p style=\"text-align: justify;\">Le Frac Bretagne dispose d\u2019une des plus grandes collections des Fonds r\u00e9gionaux d\u2019art contemporain de France. Pour accueillir ses \u0153uvres, il s\u2019est dot\u00e9 d\u2019un \u00e9difice de 5000 m\u00b2.<\/p>\n<p style=\"text-align: justify;\">Inaugur\u00e9 en 2012, ce b\u00e2timent con\u00e7u par Odile Decq accueille plusieurs espaces d\u00e9di\u00e9s \u00e0 l\u2019art contemporain : trois salles d\u2019exposition, un centre de documentation, un auditorium, des espaces p\u00e9dagogiques, un restaurant, une librairie et 1000 m\u00b2 de r\u00e9serves.<\/p>\n<p style=\"text-align: justify;\">Pour \u00e9quiper les r\u00e9serves du Frac, <strong>Bruynzeel<\/strong> a install\u00e9 une gamme vari\u00e9e de mobilier de rangement\u00a0: grilles \u00e0 tableaux, cantilevers, racks \u00e0 palettes , \u00e9tag\u00e8res mi-lourd, magasin \u00e0 \u00e9tage, meubles \u00e0 plans, r\u00e2teliers.<\/p>\n<div id=\"attachment_9658\" style=\"width: 810px\" class=\"wp-caption aligncenter\"><a href=\"https:\/\/www.sitem.fr\/wp-content\/uploads\/2018\/03\/GGN_1918_resized.jpg\"><img loading=\"lazy\" decoding=\"async\" aria-describedby=\"caption-attachment-9658\" class=\"size-full wp-image-9658\" src=\"https:\/\/www.sitem.fr\/wp-content\/uploads\/2018\/03\/GGN_1918_resized.jpg\" alt=\"Bruynzeel-frac-bretagne-racks-palettes\" width=\"800\" height=\"533\" srcset=\"https:\/\/www.sitem.fr\/wp-content\/uploads\/2018\/03\/GGN_1918_resized.jpg 800w, https:\/\/www.sitem.fr\/wp-content\/uploads\/2018\/03\/GGN_1918_resized-600x400.jpg 600w, https:\/\/www.sitem.fr\/wp-content\/uploads\/2018\/03\/GGN_1918_resized-300x200.jpg 300w, https:\/\/www.sitem.fr\/wp-content\/uploads\/2018\/03\/GGN_1918_resized-768x512.jpg 768w\" sizes=\"auto, (max-width: 800px) 100vw, 800px\" \/><\/a><p id=\"caption-attachment-9658\" class=\"wp-caption-text\">R\u00e9serves du Frac Bretagne | Racks \u00e0 palettes et magasin \u00e0 \u00e9tage. \u00a9 Bruynzeel Storage Systems<\/p><\/div>\n<div id=\"attachment_9657\" style=\"width: 808px\" class=\"wp-caption aligncenter\"><a href=\"https:\/\/www.sitem.fr\/wp-content\/uploads\/2018\/03\/GGN_1881_resized.jpg\"><img loading=\"lazy\" decoding=\"async\" aria-describedby=\"caption-attachment-9657\" class=\"size-full wp-image-9657\" src=\"https:\/\/www.sitem.fr\/wp-content\/uploads\/2018\/03\/GGN_1881_resized.jpg\" alt=\"Bruynzeel-frac-bretagne-grilles-tableaux-mobiles\" width=\"798\" height=\"586\" srcset=\"https:\/\/www.sitem.fr\/wp-content\/uploads\/2018\/03\/GGN_1881_resized.jpg 798w, https:\/\/www.sitem.fr\/wp-content\/uploads\/2018\/03\/GGN_1881_resized-600x441.jpg 600w, https:\/\/www.sitem.fr\/wp-content\/uploads\/2018\/03\/GGN_1881_resized-599x440.jpg 599w, https:\/\/www.sitem.fr\/wp-content\/uploads\/2018\/03\/GGN_1881_resized-768x564.jpg 768w, https:\/\/www.sitem.fr\/wp-content\/uploads\/2018\/03\/GGN_1881_resized-300x220.jpg 300w, https:\/\/www.sitem.fr\/wp-content\/uploads\/2018\/03\/GGN_1881_resized-80x60.jpg 80w\" sizes=\"auto, (max-width: 798px) 100vw, 798px\" \/><\/a><p id=\"caption-attachment-9657\" class=\"wp-caption-text\">R\u00e9serves du Frac Bretagne | Grilles \u00e0 tableaux mobiles. \u00a9 Bruynzeel Storage Systems<\/p><\/div>\n<div id=\"attachment_9656\" style=\"width: 804px\" class=\"wp-caption aligncenter\"><a href=\"https:\/\/www.sitem.fr\/wp-content\/uploads\/2018\/03\/GGN_1831_resized.jpg\"><img loading=\"lazy\" decoding=\"async\" aria-describedby=\"caption-attachment-9656\" class=\"size-full wp-image-9656\" src=\"https:\/\/www.sitem.fr\/wp-content\/uploads\/2018\/03\/GGN_1831_resized.jpg\" alt=\"Bruynzeel-frac-bretagne-rayonnages-mobiles\" width=\"794\" height=\"560\" srcset=\"https:\/\/www.sitem.fr\/wp-content\/uploads\/2018\/03\/GGN_1831_resized.jpg 794w, https:\/\/www.sitem.fr\/wp-content\/uploads\/2018\/03\/GGN_1831_resized-600x423.jpg 600w, https:\/\/www.sitem.fr\/wp-content\/uploads\/2018\/03\/GGN_1831_resized-300x212.jpg 300w, https:\/\/www.sitem.fr\/wp-content\/uploads\/2018\/03\/GGN_1831_resized-768x542.jpg 768w\" sizes=\"auto, (max-width: 794px) 100vw, 794px\" \/><\/a><p id=\"caption-attachment-9656\" class=\"wp-caption-text\">R\u00e9serves du Frac Bretagne | Rayonnages mobiles Compactus\u00ae motoris\u00e9s. \u00a9 Bruynzeel Storage Systems<\/p><\/div>\n<p style=\"text-align: justify;\">Outre l\u2019\u00e9quipement de l\u2019espace de conservation, <strong>Bruynzeel<\/strong> a \u00e9galement install\u00e9 des rayonnages Compactus\u00ae motoris\u00e9s au centre de documentation et des rayonnages mobiles m\u00e9caniques pour le stockage des archives et des \u00e9ditions de cartes postales.<\/p>\n<p style=\"text-align: justify;\">\u00ab Nous sommes tr\u00e8s satisfaits \u00bb d\u00e9clare Alain Couzigou, Responsable r\u00e9gie collection et exposition. \u00ab Les solutions de rangement que nous avons sont tout \u00e0 fait efficaces et tr\u00e8s pratiques. \u00bb<\/p>\n<p style=\"text-align: justify;\"><a href=\"https:\/\/bruynzeel.fr\/projet\/frac-bretagne\/\" target=\"_blank\">www.bruynzeel-storage.com<\/a><\/p>\n<p style=\"text-align: justify;\"><strong>Consultez la <a href=\"http:\/\/www.museumexperts.com\/nos_services\/annuaire\/prestataire\/675\" target=\"_blank\">Fiche Annuaire<\/a> de BRUYNZEEL STORAGE SYSTEMS<br \/>\n<\/strong><\/p>\n","protected":false},"excerpt":{"rendered":"Le Frac Bretagne dispose d\u2019une des plus grandes collections des Fonds r\u00e9gionaux d\u2019art contemporain de France. Pour accueillir ses \u0153uvres, il s\u2019est dot\u00e9 d\u2019un \u00e9difice de 5000 m\u00b2. Inaugur\u00e9 en 2012, ce b\u00e2timent con\u00e7u par Odile Decq accueille plusieurs espaces d\u00e9di\u00e9s \u00e0 l\u2019art contemporain : trois salles d\u2019exposition, un centre de documentation, un auditorium, des&#8230; <br><a class=\"readm\" href=\"https:\/\/www.sitem.fr\/en\/bruynzeel-solutions-rangement-efficaces-pratiques-frac-bretagne\/\">Read more<\/a>","protected":false},"author":2,"featured_media":9657,"comment_status":"open","ping_status":"open","sticky":false,"template":"","format":"standard","meta":{"_acf_changed":false,"footnotes":""},"categories":[363],"tags":[364],"class_list":["post-9664","post","type-post","status-publish","format-standard","has-post-thumbnail","hentry","category-reserves","tag-bruynzeel-rangements"],"acf":[],"_links":{"self":[{"href":"https:\/\/www.sitem.fr\/en\/wp-json\/wp\/v2\/posts\/9664","targetHints":{"allow":["GET"]}}],"collection":[{"href":"https:\/\/www.sitem.fr\/en\/wp-json\/wp\/v2\/posts"}],"about":[{"href":"https:\/\/www.sitem.fr\/en\/wp-json\/wp\/v2\/types\/post"}],"author":[{"embeddable":true,"href":"https:\/\/www.sitem.fr\/en\/wp-json\/wp\/v2\/users\/2"}],"replies":[{"embeddable":true,"href":"https:\/\/www.sitem.fr\/en\/wp-json\/wp\/v2\/comments?post=9664"}],"version-history":[{"count":2,"href":"https:\/\/www.sitem.fr\/en\/wp-json\/wp\/v2\/posts\/9664\/revisions"}],"predecessor-version":[{"id":9754,"href":"https:\/\/www.sitem.fr\/en\/wp-json\/wp\/v2\/posts\/9664\/revisions\/9754"}],"wp:featuredmedia":[{"embeddable":true,"href":"https:\/\/www.sitem.fr\/en\/wp-json\/wp\/v2\/media\/9657"}],"wp:attachment":[{"href":"https:\/\/www.sitem.fr\/en\/wp-json\/wp\/v2\/media?parent=9664"}],"wp:term":[{"taxonomy":"category","embeddable":true,"href":"https:\/\/www.sitem.fr\/en\/wp-json\/wp\/v2\/categories?post=9664"},{"taxonomy":"post_tag","embeddable":true,"href":"https:\/\/www.sitem.fr\/en\/wp-json\/wp\/v2\/tags?post=9664"}],"curies":[{"name":"wp","href":"https:\/\/api.w.org\/{rel}","templated":true}]}}