{"id":9712,"date":"2018-02-28T11:20:39","date_gmt":"2018-02-28T10:20:39","guid":{"rendered":"https:\/\/www.sitem.fr\/?p=9712"},"modified":"2018-03-06T18:20:18","modified_gmt":"2018-03-06T17:20:18","slug":"mba-equipe-ville-herbiers-cloisons-mila-wall","status":"publish","type":"post","link":"https:\/\/www.sitem.fr\/en\/mba-equipe-ville-herbiers-cloisons-mila-wall\/","title":{"rendered":"MBA \u00e9quipe la ville des Herbiers de ses cloisons Mila-wall"},"content":{"rendered":"<p style=\"text-align: justify;\"><strong>MBA<\/strong> compte un nouveau client : la ville des Herbiers, en Vend\u00e9e.<br \/>\n<strong>MBA<\/strong> a fourni des cloisons Mila-wall pour l&#8217;exposition \u00ab\u00a0<a href=\"http:\/\/www.lesherbiers.fr\/sortir\/agenda\/event-17267-3e-salon-des-artistes-des-herbiers.html\" target=\"_blank\">salon des artistes<\/a>\u00a0\u00bb qui se d\u00e9roule au Ch\u00e2teau d\u2019Ardelay du 10 f\u00e9vrier au 11 mars 2018.<\/p>\n<p style=\"text-align: justify;\">Cette exposition est ouverte aux artistes amateurs et professionnels de tous niveaux et de toutes les expressions (huile, acrylique, aquarelle, techniques mixtes, photographies, sculptures&#8230;).<br \/>\nLes cloisons Mila-wall s&#8217;adaptent donc particuli\u00e8rement bien aux souhaits de la ville des Herbiers par leur modularit\u00e9, leur maniabilit\u00e9 et leur durabilit\u00e9.<\/p>\n<div id=\"attachment_9679\" style=\"width: 560px\" class=\"wp-caption aligncenter\"><a href=\"https:\/\/www.sitem.fr\/wp-content\/uploads\/2018\/03\/focke-museum-13.jpg\"><img loading=\"lazy\" decoding=\"async\" aria-describedby=\"caption-attachment-9679\" class=\"size-full wp-image-9679\" src=\"https:\/\/www.sitem.fr\/wp-content\/uploads\/2018\/03\/focke-museum-13.jpg\" alt=\"mba-cloison-mila-wall\" width=\"550\" height=\"365\" srcset=\"https:\/\/www.sitem.fr\/wp-content\/uploads\/2018\/03\/focke-museum-13.jpg 550w, https:\/\/www.sitem.fr\/wp-content\/uploads\/2018\/03\/focke-museum-13-300x199.jpg 300w\" sizes=\"auto, (max-width: 550px) 100vw, 550px\" \/><\/a><p id=\"caption-attachment-9679\" class=\"wp-caption-text\">Cloison Mila-Wall (illustration, la photographie n&#8217;a pas \u00e9t\u00e9 prise dans l&#8217;exposition de la ville des Herbiers) \u00a9MBA<\/p><\/div>\n<p style=\"text-align: justify;\"><a href=\"http:\/\/www.mba-france.fr\" target=\"_blank\">www.mba-france.fr<\/a><\/p>\n<p style=\"text-align: justify;\"><strong>Consultez la <a href=\"http:\/\/www.museumexperts.com\/nos_services\/annuaire\/prestataire\/1442\" target=\"_blank\">Fiche Annuaire<\/a> de MBA FRANCE <\/strong><\/p>\n","protected":false},"excerpt":{"rendered":"MBA compte un nouveau client : la ville des Herbiers, en Vend\u00e9e. MBA a fourni des cloisons Mila-wall pour l&#8217;exposition \u00ab\u00a0salon des artistes\u00a0\u00bb qui se d\u00e9roule au Ch\u00e2teau d\u2019Ardelay du 10 f\u00e9vrier au 11 mars 2018. Cette exposition est ouverte aux artistes amateurs et professionnels de tous niveaux et de toutes les expressions (huile, acrylique,&#8230; <br><a class=\"readm\" href=\"https:\/\/www.sitem.fr\/en\/mba-equipe-ville-herbiers-cloisons-mila-wall\/\">Read more<\/a>","protected":false},"author":2,"featured_media":9679,"comment_status":"open","ping_status":"open","sticky":false,"template":"","format":"standard","meta":{"_acf_changed":false,"footnotes":""},"categories":[139],"tags":[14],"class_list":["post-9712","post","type-post","status-publish","format-standard","has-post-thumbnail","hentry","category-cloisons","tag-mba-france"],"acf":[],"_links":{"self":[{"href":"https:\/\/www.sitem.fr\/en\/wp-json\/wp\/v2\/posts\/9712","targetHints":{"allow":["GET"]}}],"collection":[{"href":"https:\/\/www.sitem.fr\/en\/wp-json\/wp\/v2\/posts"}],"about":[{"href":"https:\/\/www.sitem.fr\/en\/wp-json\/wp\/v2\/types\/post"}],"author":[{"embeddable":true,"href":"https:\/\/www.sitem.fr\/en\/wp-json\/wp\/v2\/users\/2"}],"replies":[{"embeddable":true,"href":"https:\/\/www.sitem.fr\/en\/wp-json\/wp\/v2\/comments?post=9712"}],"version-history":[{"count":2,"href":"https:\/\/www.sitem.fr\/en\/wp-json\/wp\/v2\/posts\/9712\/revisions"}],"predecessor-version":[{"id":9747,"href":"https:\/\/www.sitem.fr\/en\/wp-json\/wp\/v2\/posts\/9712\/revisions\/9747"}],"wp:featuredmedia":[{"embeddable":true,"href":"https:\/\/www.sitem.fr\/en\/wp-json\/wp\/v2\/media\/9679"}],"wp:attachment":[{"href":"https:\/\/www.sitem.fr\/en\/wp-json\/wp\/v2\/media?parent=9712"}],"wp:term":[{"taxonomy":"category","embeddable":true,"href":"https:\/\/www.sitem.fr\/en\/wp-json\/wp\/v2\/categories?post=9712"},{"taxonomy":"post_tag","embeddable":true,"href":"https:\/\/www.sitem.fr\/en\/wp-json\/wp\/v2\/tags?post=9712"}],"curies":[{"name":"wp","href":"https:\/\/api.w.org\/{rel}","templated":true}]}}