{"id":9725,"date":"2018-02-28T11:08:49","date_gmt":"2018-02-28T10:08:49","guid":{"rendered":"https:\/\/www.sitem.fr\/?p=9725"},"modified":"2018-03-08T12:41:15","modified_gmt":"2018-03-08T11:41:15","slug":"nouvelles-bornes-timescope-voyager-temps-galeries-lafayette","status":"publish","type":"post","link":"https:\/\/www.sitem.fr\/en\/nouvelles-bornes-timescope-voyager-temps-galeries-lafayette\/","title":{"rendered":"Deux nouvelles bornes Timescope pour voyager dans le temps aux Galeries Lafayette"},"content":{"rendered":"<p style=\"text-align: justify;\">Revivre l&#8217;atmosph\u00e8re des Galeries Lafayette du d\u00e9but du si\u00e8cle, c&#8217;est d\u00e9sormais possible ! Depuis d\u00e9cembre, le grand magasin propose sur ses terrasses deux exp\u00e9riences immersives de r\u00e9alit\u00e9 virtuelle con\u00e7ues par la startup fran\u00e7aise <strong>Timescope<\/strong>.<\/p>\n<div id=\"attachment_9693\" style=\"width: 803px\" class=\"wp-caption aligncenter\"><a href=\"https:\/\/www.sitem.fr\/wp-content\/uploads\/2018\/03\/Capture-d\u2019e\u0301cran-2018-03-02-a\u0300-12.12.39.png\"><img loading=\"lazy\" decoding=\"async\" aria-describedby=\"caption-attachment-9693\" class=\"size-full wp-image-9693\" src=\"https:\/\/www.sitem.fr\/wp-content\/uploads\/2018\/03\/Capture-d\u2019e\u0301cran-2018-03-02-a\u0300-12.12.39.png\" alt=\"Timescope realite augmentee Galeries Lafayette\" width=\"793\" height=\"468\" srcset=\"https:\/\/www.sitem.fr\/wp-content\/uploads\/2018\/03\/Capture-d\u2019e\u0301cran-2018-03-02-a\u0300-12.12.39.png 793w, https:\/\/www.sitem.fr\/wp-content\/uploads\/2018\/03\/Capture-d\u2019e\u0301cran-2018-03-02-a\u0300-12.12.39-600x354.png 600w, https:\/\/www.sitem.fr\/wp-content\/uploads\/2018\/03\/Capture-d\u2019e\u0301cran-2018-03-02-a\u0300-12.12.39-300x177.png 300w, https:\/\/www.sitem.fr\/wp-content\/uploads\/2018\/03\/Capture-d\u2019e\u0301cran-2018-03-02-a\u0300-12.12.39-768x453.png 768w\" sizes=\"auto, (max-width: 793px) 100vw, 793px\" \/><\/a><p id=\"caption-attachment-9693\" class=\"wp-caption-text\">Une exp\u00e9rience Timescope de R\u00e9alit\u00e9 Augment\u00e9e pour mieux connaitre Paris et ses monuments \u00a9Timescope<\/p><\/div>\n<p style=\"text-align: justify;\">La premi\u00e8re nous plonge dans l&#8217;effervescence de la Chauss\u00e9e d&#8217;Antin en 1912. Ouvri\u00e8res de la couture et bourgeoises parisiennes fl\u00e2nent autour de nous ; elles viennent d\u00e9couvrir ce grand magasin o\u00f9 se fait la mode parisienne et qui inaugure cette ann\u00e9e-l\u00e0 sa c\u00e9l\u00e8bre coupole Art Nouveau.<\/p>\n<p style=\"text-align: justify;\">La seconde exp\u00e9rience nous ram\u00e8ne au pr\u00e9sent : un film de r\u00e9alit\u00e9 augment\u00e9e immersif permet de profiter de la vue sublime de Paris depuis le toit des Galeries. Des bulles explicatives viennent compl\u00e9ter l&#8217;exp\u00e9rience en racontant des anecdotes sur les principaux monuments parisiens.<\/p>\n<div id=\"attachment_9694\" style=\"width: 805px\" class=\"wp-caption aligncenter\"><a href=\"https:\/\/www.sitem.fr\/wp-content\/uploads\/2018\/03\/Capture-d\u2019e\u0301cran-2018-03-02-a\u0300-12.12.45.png\"><img loading=\"lazy\" decoding=\"async\" aria-describedby=\"caption-attachment-9694\" class=\"size-full wp-image-9694\" src=\"https:\/\/www.sitem.fr\/wp-content\/uploads\/2018\/03\/Capture-d\u2019e\u0301cran-2018-03-02-a\u0300-12.12.45.png\" alt=\"Timescope toit Galeries Lafayette\" width=\"795\" height=\"565\" srcset=\"https:\/\/www.sitem.fr\/wp-content\/uploads\/2018\/03\/Capture-d\u2019e\u0301cran-2018-03-02-a\u0300-12.12.45.png 795w, https:\/\/www.sitem.fr\/wp-content\/uploads\/2018\/03\/Capture-d\u2019e\u0301cran-2018-03-02-a\u0300-12.12.45-600x426.png 600w, https:\/\/www.sitem.fr\/wp-content\/uploads\/2018\/03\/Capture-d\u2019e\u0301cran-2018-03-02-a\u0300-12.12.45-619x440.png 619w, https:\/\/www.sitem.fr\/wp-content\/uploads\/2018\/03\/Capture-d\u2019e\u0301cran-2018-03-02-a\u0300-12.12.45-768x546.png 768w, https:\/\/www.sitem.fr\/wp-content\/uploads\/2018\/03\/Capture-d\u2019e\u0301cran-2018-03-02-a\u0300-12.12.45-300x213.png 300w\" sizes=\"auto, (max-width: 795px) 100vw, 795px\" \/><\/a><p id=\"caption-attachment-9694\" class=\"wp-caption-text\">Les Galeries Lafayette en 1912, une exp\u00e9rience Timescope \u00e0 vivre sur les toits-terrasses \u00a9Timescope<\/p><\/div>\n<p style=\"text-align: justify;\">Avec ces deux nouvelles bornes, la start-up <strong>Timescope<\/strong> poursuit sa mission d&#8217;enrichir l&#8217;exp\u00e9rience de visite des institutions culturelles et de mettre en valeur le patrimoine des villes, mus\u00e9es et sites historiques.<\/p>\n<p style=\"text-align: justify;\"><a href=\"http:\/\/www.timescope.co\/\" target=\"_blank\">www.timescope.co<\/a><\/p>\n<p style=\"text-align: justify;\"><strong>Consultez la <a href=\"http:\/\/www.museumexperts.com\/nos_services\/annuaire\/prestataire\/4818\" target=\"_blank\">Fiche Annuaire<\/a> de TIMESCOPE<\/strong><\/p>\n","protected":false},"excerpt":{"rendered":"Revivre l&#8217;atmosph\u00e8re des Galeries Lafayette du d\u00e9but du si\u00e8cle, c&#8217;est d\u00e9sormais possible ! Depuis d\u00e9cembre, le grand magasin propose sur ses terrasses deux exp\u00e9riences immersives de r\u00e9alit\u00e9 virtuelle con\u00e7ues par la startup fran\u00e7aise Timescope. La premi\u00e8re nous plonge dans l&#8217;effervescence de la Chauss\u00e9e d&#8217;Antin en 1912. Ouvri\u00e8res de la couture et bourgeoises parisiennes fl\u00e2nent autour&#8230; <br><a class=\"readm\" href=\"https:\/\/www.sitem.fr\/en\/nouvelles-bornes-timescope-voyager-temps-galeries-lafayette\/\">Read more<\/a>","protected":false},"author":2,"featured_media":9694,"comment_status":"open","ping_status":"open","sticky":false,"template":"","format":"standard","meta":{"_acf_changed":false,"footnotes":""},"categories":[149],"tags":[472],"class_list":["post-9725","post","type-post","status-publish","format-standard","has-post-thumbnail","hentry","category-interactivite-2","tag-timescope"],"acf":[],"_links":{"self":[{"href":"https:\/\/www.sitem.fr\/en\/wp-json\/wp\/v2\/posts\/9725","targetHints":{"allow":["GET"]}}],"collection":[{"href":"https:\/\/www.sitem.fr\/en\/wp-json\/wp\/v2\/posts"}],"about":[{"href":"https:\/\/www.sitem.fr\/en\/wp-json\/wp\/v2\/types\/post"}],"author":[{"embeddable":true,"href":"https:\/\/www.sitem.fr\/en\/wp-json\/wp\/v2\/users\/2"}],"replies":[{"embeddable":true,"href":"https:\/\/www.sitem.fr\/en\/wp-json\/wp\/v2\/comments?post=9725"}],"version-history":[{"count":3,"href":"https:\/\/www.sitem.fr\/en\/wp-json\/wp\/v2\/posts\/9725\/revisions"}],"predecessor-version":[{"id":9770,"href":"https:\/\/www.sitem.fr\/en\/wp-json\/wp\/v2\/posts\/9725\/revisions\/9770"}],"wp:featuredmedia":[{"embeddable":true,"href":"https:\/\/www.sitem.fr\/en\/wp-json\/wp\/v2\/media\/9694"}],"wp:attachment":[{"href":"https:\/\/www.sitem.fr\/en\/wp-json\/wp\/v2\/media?parent=9725"}],"wp:term":[{"taxonomy":"category","embeddable":true,"href":"https:\/\/www.sitem.fr\/en\/wp-json\/wp\/v2\/categories?post=9725"},{"taxonomy":"post_tag","embeddable":true,"href":"https:\/\/www.sitem.fr\/en\/wp-json\/wp\/v2\/tags?post=9725"}],"curies":[{"name":"wp","href":"https:\/\/api.w.org\/{rel}","templated":true}]}}