{"id":9729,"date":"2018-02-28T11:14:53","date_gmt":"2018-02-28T10:14:53","guid":{"rendered":"https:\/\/www.sitem.fr\/?p=9729"},"modified":"2018-10-08T17:26:55","modified_gmt":"2018-10-08T15:26:55","slug":"maison-natale-georges-clemenceau-devient-musee","status":"publish","type":"post","link":"https:\/\/www.sitem.fr\/en\/maison-natale-georges-clemenceau-devient-musee\/","title":{"rendered":"La maison natale Georges Clemenceau devient mus\u00e9e"},"content":{"rendered":"<p style=\"text-align: justify;\"><a href=\"https:\/\/www.sitem.fr\/wp-content\/uploads\/2018\/03\/maison-natale-cle\u0301menceau.jpg\"><img loading=\"lazy\" decoding=\"async\" class=\"aligncenter size-full wp-image-9697\" src=\"https:\/\/www.sitem.fr\/wp-content\/uploads\/2018\/03\/maison-natale-cle\u0301menceau.jpg\" alt=\"maison-natale-clemenceau-montage\" width=\"1415\" height=\"754\" srcset=\"https:\/\/www.sitem.fr\/wp-content\/uploads\/2018\/03\/maison-natale-cle\u0301menceau.jpg 1415w, https:\/\/www.sitem.fr\/wp-content\/uploads\/2018\/03\/maison-natale-cle\u0301menceau-600x320.jpg 600w, https:\/\/www.sitem.fr\/wp-content\/uploads\/2018\/03\/maison-natale-cle\u0301menceau-680x362.jpg 680w, https:\/\/www.sitem.fr\/wp-content\/uploads\/2018\/03\/maison-natale-cle\u0301menceau-1024x546.jpg 1024w, https:\/\/www.sitem.fr\/wp-content\/uploads\/2018\/03\/maison-natale-cle\u0301menceau-768x409.jpg 768w, https:\/\/www.sitem.fr\/wp-content\/uploads\/2018\/03\/maison-natale-cle\u0301menceau-300x160.jpg 300w\" sizes=\"auto, (max-width: 1415px) 100vw, 1415px\" \/><\/a>Acquise par l&#8217;\u00c9tat en 2005, la maison natale de Georges Clemenceau \u00e0 Mouilleron-en-Pared (Vend\u00e9e) est en cours d&#8217;am\u00e9nagement en mus\u00e9e. Commandit\u00e9 et financ\u00e9 par le service des mus\u00e9es de France du minist\u00e8re de la Culture, ce chantier d\u00e9but\u00e9 en novembre 2016 devrait se conclure avec une inauguration pr\u00e9vue d&#8217;ici \u00e0 l&#8217;\u00e9t\u00e9 2018.<\/p>\n<p style=\"text-align: justify;\">Fournisseur des mus\u00e9es r\u00e9f\u00e9renc\u00e9 dans l&#8217;annuaire de l&#8217;OCIM la soci\u00e9t\u00e9 Anagram Audiovisuel (Saint Jory 31790) repr\u00e9sent\u00e9e par Vincent Monnier a prescrit ID-AL et HyperSound. Ces deux marques d&#8217;\u00e9quipements d\u00e9di\u00e9s au mus\u00e9al sont fabriqu\u00e9es en France par la soci\u00e9t\u00e9 Waves System. Pour pr\u00e9senter le parcours de cet homme qui a marqu\u00e9 l&#8217;histoire, Anagram a int\u00e9gr\u00e9 11 diffuseurs ultrasoniques super-directifs HyperSound nourris par autant de Nano AMP ID-AL, de tr\u00e8s discrets mini-amplis de la taille d&#8217;une carte SD.<br \/>\nLa technologie HyperSound permet de s&#8217;affranchir de la pollution sonore dans le cadre d&#8217;une cohabitation en proximit\u00e9 de plusieurs syst\u00e8mes sonores. L&#8217;installation recense \u00e9galement des interfaces Senso-PAD cach\u00e9s derri\u00e8re du plexiglas dans les vitrines pour le d\u00e9clenchement de films avec un choix de langues, et un d\u00e9tecteur infrarouge Ir-PAD ID-AL plac\u00e9 dans un couloir pour d\u00e9clencher une vid\u00e9o diffus\u00e9e sur un \u00e9cran 22 pouces.<\/p>\n<p style=\"text-align: justify;\">ID-AL et HyperSound sont distribu\u00e9s par Waves System.<\/p>\n<p style=\"text-align: justify;\">www.wsystem.com<\/p>\n<p style=\"text-align: justify;\"><strong>Consultez la <a href=\"http:\/\/www.museumexperts.com\/nos_services\/annuaire\/prestataire\/2474\" target=\"_blank\">Fiche Annuaire<\/a> de WAVES SYSTEM<\/strong><\/p>\n","protected":false},"excerpt":{"rendered":"Acquise par l&#8217;\u00c9tat en 2005, la maison natale de Georges Clemenceau \u00e0 Mouilleron-en-Pared (Vend\u00e9e) est en cours d&#8217;am\u00e9nagement en mus\u00e9e. Commandit\u00e9 et financ\u00e9 par le service des mus\u00e9es de France du minist\u00e8re de la Culture, ce chantier d\u00e9but\u00e9 en novembre 2016 devrait se conclure avec une inauguration pr\u00e9vue d&#8217;ici \u00e0 l&#8217;\u00e9t\u00e9 2018. Fournisseur des mus\u00e9es&#8230; <br><a class=\"readm\" href=\"https:\/\/www.sitem.fr\/en\/maison-natale-georges-clemenceau-devient-musee\/\">Read more<\/a>","protected":false},"author":2,"featured_media":9697,"comment_status":"open","ping_status":"open","sticky":false,"template":"","format":"standard","meta":{"_acf_changed":false,"footnotes":""},"categories":[154],"tags":[81],"class_list":["post-9729","post","type-post","status-publish","format-standard","has-post-thumbnail","hentry","category-son-2","tag-waves-system"],"acf":[],"_links":{"self":[{"href":"https:\/\/www.sitem.fr\/en\/wp-json\/wp\/v2\/posts\/9729","targetHints":{"allow":["GET"]}}],"collection":[{"href":"https:\/\/www.sitem.fr\/en\/wp-json\/wp\/v2\/posts"}],"about":[{"href":"https:\/\/www.sitem.fr\/en\/wp-json\/wp\/v2\/types\/post"}],"author":[{"embeddable":true,"href":"https:\/\/www.sitem.fr\/en\/wp-json\/wp\/v2\/users\/2"}],"replies":[{"embeddable":true,"href":"https:\/\/www.sitem.fr\/en\/wp-json\/wp\/v2\/comments?post=9729"}],"version-history":[{"count":3,"href":"https:\/\/www.sitem.fr\/en\/wp-json\/wp\/v2\/posts\/9729\/revisions"}],"predecessor-version":[{"id":10943,"href":"https:\/\/www.sitem.fr\/en\/wp-json\/wp\/v2\/posts\/9729\/revisions\/10943"}],"wp:featuredmedia":[{"embeddable":true,"href":"https:\/\/www.sitem.fr\/en\/wp-json\/wp\/v2\/media\/9697"}],"wp:attachment":[{"href":"https:\/\/www.sitem.fr\/en\/wp-json\/wp\/v2\/media?parent=9729"}],"wp:term":[{"taxonomy":"category","embeddable":true,"href":"https:\/\/www.sitem.fr\/en\/wp-json\/wp\/v2\/categories?post=9729"},{"taxonomy":"post_tag","embeddable":true,"href":"https:\/\/www.sitem.fr\/en\/wp-json\/wp\/v2\/tags?post=9729"}],"curies":[{"name":"wp","href":"https:\/\/api.w.org\/{rel}","templated":true}]}}