{"id":9780,"date":"2018-03-29T10:26:45","date_gmt":"2018-03-29T08:26:45","guid":{"rendered":"https:\/\/www.sitem.fr\/?p=9780"},"modified":"2018-06-25T15:57:07","modified_gmt":"2018-06-25T13:57:07","slug":"agence-acces-libres-expertise-accessibilite","status":"publish","type":"post","link":"https:\/\/www.sitem.fr\/en\/agence-acces-libres-expertise-accessibilite\/","title":{"rendered":"L&#8217;Agence Acc\u00e8s Libres d\u00e9ploie son expertise en accessibilit\u00e9 dans le Sud de la France"},"content":{"rendered":"<p style=\"text-align: justify;\">L\u2019Agence <strong>Acc\u00e8s Libres<\/strong> formera en avril les m\u00e9diateurs du MuCEM \u00e0 l\u2019approche tactile et descriptive. Le MuCEM pr\u00e9sente une douzaine de stations sensorielles dans ses espaces d\u2019expositions. L&#8217;agence apportera aux m\u00e9diateurs les cl\u00e9s pour utiliser ces dispositifs aupr\u00e8s de tous les visiteurs mais plus particuli\u00e8rement aupr\u00e8s des visiteurs ayant une d\u00e9ficience visuelle. Plus largement, <strong>Acc\u00e8s Libres<\/strong> leur fera exp\u00e9rimenter une technique de description qui engage \u00e9galement le corps du visiteur.<\/p>\n<div id=\"attachment_9779\" style=\"width: 502px\" class=\"wp-caption aligncenter\"><a href=\"https:\/\/www.sitem.fr\/wp-content\/uploads\/2018\/04\/Mucem2.jpg\"><img loading=\"lazy\" decoding=\"async\" aria-describedby=\"caption-attachment-9779\" class=\" wp-image-9779\" src=\"https:\/\/www.sitem.fr\/wp-content\/uploads\/2018\/04\/Mucem2.jpg\" alt=\"Visite du MUCEM\" width=\"492\" height=\"372\" \/><\/a><p id=\"caption-attachment-9779\" class=\"wp-caption-text\">Visite du MUCEM par un groupe de jeune ayant une d\u00e9ficience visuelle, d\u00e9couverte d\u2019une maquette tactile. \u00a9Association IRSAM<\/p><\/div>\n<div id=\"attachment_10152\" style=\"width: 493px\" class=\"wp-caption aligncenter\"><a href=\"https:\/\/www.sitem.fr\/wp-content\/uploads\/2018\/06\/station-3-5.jpg\"><img loading=\"lazy\" decoding=\"async\" aria-describedby=\"caption-attachment-10152\" class=\" wp-image-10152\" src=\"https:\/\/www.sitem.fr\/wp-content\/uploads\/2018\/06\/station-3-5.jpg\" alt=\"Station tactile de l\u2019exposition Connectivit\u00e9s, MUCEM. \u00a9Tactile Studio.\" width=\"483\" height=\"313\" \/><\/a><p id=\"caption-attachment-10152\" class=\"wp-caption-text\">Station tactile de l\u2019exposition Connectivit\u00e9s, MUCEM. \u00a9Tactile Studio.<\/p><\/div>\n<div id=\"attachment_10153\" style=\"width: 491px\" class=\"wp-caption aligncenter\"><a href=\"https:\/\/www.sitem.fr\/wp-content\/uploads\/2018\/06\/station-3-7.jpg\"><img loading=\"lazy\" decoding=\"async\" aria-describedby=\"caption-attachment-10153\" class=\" wp-image-10153\" src=\"https:\/\/www.sitem.fr\/wp-content\/uploads\/2018\/06\/station-3-7.jpg\" alt=\"Station tactile de l\u2019exposition Connectivit\u00e9s, MUCEM. \u00a9Tactile Studio.\" width=\"481\" height=\"325\" \/><\/a><p id=\"caption-attachment-10153\" class=\"wp-caption-text\">Station tactile de l\u2019exposition Connectivit\u00e9s, MUCEM. \u00a9Tactile Studio.<\/p><\/div>\n<p style=\"text-align: justify;\">L\u2019Agence sera \u00e9galement pr\u00e9sente dans la Dr\u00f4me pour les mois \u00e0 venir\u00a0: l&#8217;\u00e9quipe assurera l\u2019assistance \u00e0 ma\u00eetrise d\u2019ouvrage pour la conception et la r\u00e9alisation de dispositifs pluri-sensoriels au Ch\u00e2teau de Suze la Rousse. Le projet comporte des dispositifs sensoriels &#8211; visuo-tactile et olfactif &#8211; et leur mobilier mais aussi des contenus en langue des signes fran\u00e7aises.<\/p>\n<div id=\"attachment_9777\" style=\"width: 505px\" class=\"wp-caption aligncenter\"><a href=\"https:\/\/www.sitem.fr\/wp-content\/uploads\/2018\/04\/800px-Cha\u0302teau_de_Suze_la_Rousse_Dro\u0302me_France-2005-10-23.jpg\"><img loading=\"lazy\" decoding=\"async\" aria-describedby=\"caption-attachment-9777\" class=\" wp-image-9777\" src=\"https:\/\/www.sitem.fr\/wp-content\/uploads\/2018\/04\/800px-Cha\u0302teau_de_Suze_la_Rousse_Dro\u0302me_France-2005-10-23.jpg\" alt=\"Ch\u00e2teau de Suze la Rousse\" width=\"495\" height=\"374\" \/><\/a><p id=\"caption-attachment-9777\" class=\"wp-caption-text\">Le ch\u00e2teau de Suze-la-Rousse. \u00a9Pascal Terjan<\/p><\/div>\n<p style=\"text-align: justify;\">Il s\u2019agit de la seconde phase du projet,\u00a0 d\u00e9marr\u00e9 l\u2019an dernier. Les premiers dispositifs pr\u00e9vus en phase 1, r\u00e9alis\u00e9s par <a href=\"http:\/\/www.tactilestudio.fr\/\" target=\"_blank\" rel=\"noopener\"><span style=\"color: #0000ff;\">Tactile Studio<\/span><\/a>, sont en cours d\u2019installation.<\/p>\n<p style=\"text-align: justify;\"><a href=\"http:\/\/www.agenceacceslibres.fr\/\" target=\"_blank\" rel=\"noopener\">www.agenceacceslibres.fr<\/a><\/p>\n<p style=\"text-align: justify;\"><strong>Consultez la <a href=\"http:\/\/www.museumexperts.com\/nos_services\/annuaire\/prestataire\/4661\" target=\"_blank\" rel=\"noopener\">Fiche Annuaire<\/a> de l&#8217;AGENCE ACCES LIBRES<\/strong><\/p>\n","protected":false},"excerpt":{"rendered":"L\u2019Agence Acc\u00e8s Libres formera en avril les m\u00e9diateurs du MuCEM \u00e0 l\u2019approche tactile et descriptive. Le MuCEM pr\u00e9sente une douzaine de stations sensorielles dans ses espaces d\u2019expositions. L&#8217;agence apportera aux m\u00e9diateurs les cl\u00e9s pour utiliser ces dispositifs aupr\u00e8s de tous les visiteurs mais plus particuli\u00e8rement aupr\u00e8s des visiteurs ayant une d\u00e9ficience visuelle. Plus largement, Acc\u00e8s&#8230; <br><a class=\"readm\" href=\"https:\/\/www.sitem.fr\/en\/agence-acces-libres-expertise-accessibilite\/\">Read more<\/a>","protected":false},"author":2,"featured_media":9779,"comment_status":"open","ping_status":"open","sticky":false,"template":"","format":"standard","meta":{"_acf_changed":false,"footnotes":""},"categories":[87],"tags":[475],"class_list":["post-9780","post","type-post","status-publish","format-standard","has-post-thumbnail","hentry","category-accessibilite","tag-agence-acces-libres"],"acf":[],"_links":{"self":[{"href":"https:\/\/www.sitem.fr\/en\/wp-json\/wp\/v2\/posts\/9780","targetHints":{"allow":["GET"]}}],"collection":[{"href":"https:\/\/www.sitem.fr\/en\/wp-json\/wp\/v2\/posts"}],"about":[{"href":"https:\/\/www.sitem.fr\/en\/wp-json\/wp\/v2\/types\/post"}],"author":[{"embeddable":true,"href":"https:\/\/www.sitem.fr\/en\/wp-json\/wp\/v2\/users\/2"}],"replies":[{"embeddable":true,"href":"https:\/\/www.sitem.fr\/en\/wp-json\/wp\/v2\/comments?post=9780"}],"version-history":[{"count":4,"href":"https:\/\/www.sitem.fr\/en\/wp-json\/wp\/v2\/posts\/9780\/revisions"}],"predecessor-version":[{"id":10156,"href":"https:\/\/www.sitem.fr\/en\/wp-json\/wp\/v2\/posts\/9780\/revisions\/10156"}],"wp:featuredmedia":[{"embeddable":true,"href":"https:\/\/www.sitem.fr\/en\/wp-json\/wp\/v2\/media\/9779"}],"wp:attachment":[{"href":"https:\/\/www.sitem.fr\/en\/wp-json\/wp\/v2\/media?parent=9780"}],"wp:term":[{"taxonomy":"category","embeddable":true,"href":"https:\/\/www.sitem.fr\/en\/wp-json\/wp\/v2\/categories?post=9780"},{"taxonomy":"post_tag","embeddable":true,"href":"https:\/\/www.sitem.fr\/en\/wp-json\/wp\/v2\/tags?post=9780"}],"curies":[{"name":"wp","href":"https:\/\/api.w.org\/{rel}","templated":true}]}}