{"id":9923,"date":"2018-04-30T14:18:14","date_gmt":"2018-04-30T12:18:14","guid":{"rendered":"https:\/\/www.sitem.fr\/?p=9923"},"modified":"2018-05-11T11:09:41","modified_gmt":"2018-05-11T09:09:41","slug":"studio-adeline-rispal-architecture-scenographie-espace-dali-paris","status":"publish","type":"post","link":"https:\/\/www.sitem.fr\/en\/studio-adeline-rispal-architecture-scenographie-espace-dali-paris\/","title":{"rendered":"Le Studio Adeline Rispal signe la r\u00e9novation architecturale et la sc\u00e9nographie de l&#8217;espace DALI\u0301 PARIS"},"content":{"rendered":"<div class=\"page\" style=\"text-align: justify;\" title=\"Page 2\">\n<div class=\"layoutArea\">\n<div class=\"column\">\n<p>Le<strong> Studio Adeline Rispal<\/strong> a pens\u00e9 un concept architectural et sc\u00e9nographique original et in\u00e9dit pour un lieu atypique : l&#8217;espace\u00a0DALI\u0301 PARIS.<\/p>\n<p>Les objectifs de la re\u0301novation architecturale et sce\u0301nographique \u00e9taient de\u00a0recentrer l\u2019offre culturelle et commerciale sur les activite\u0301s de Beniamino Levi, le plus grand collectionneur, e\u0301diteur et galeriste de l\u2019\u0153uvre sculpte\u0301e de DALI\u0301. &#8220;Situe\u0301 essentiellement en sous-sol, l&#8217;Espace Dali\u0301 est un univers en soi, totalement atypique dans le paysage muse\u0301al parisien&#8221; fait observer Adeline Rispal.<\/p>\n<p>Dali\u0301 est autant le metteur en sce\u0300ne de sa vie et de son art que son propre sce\u0301nographe comme en te\u0301moignent ses trois maisons-muse\u0301es catalanes. Il e\u0301tait donc question ici, non pas de sce\u0301nographier Dali\u0301, mais bien pluto\u0302t de laisser ses \u0153uvres de\u0301ployer leurs extraordinaires richesses formelles et se\u0301mantiques au be\u0301ne\u0301fice des visiteurs.<\/p>\n<div id=\"attachment_9957\" style=\"width: 1263px\" class=\"wp-caption aligncenter\"><a href=\"https:\/\/www.sitem.fr\/wp-content\/uploads\/2018\/04\/Capture-d\u2019e\u0301cran-2018-04-28-a\u0300-19.33.12.png\"><img loading=\"lazy\" decoding=\"async\" aria-describedby=\"caption-attachment-9957\" class=\"size-full wp-image-9957\" src=\"https:\/\/www.sitem.fr\/wp-content\/uploads\/2018\/04\/Capture-d\u2019e\u0301cran-2018-04-28-a\u0300-19.33.12.png\" alt=\"Espace Dal\u00ec Paris \u00a9Studio Adeline Rispal\" width=\"1253\" height=\"675\" srcset=\"https:\/\/www.sitem.fr\/wp-content\/uploads\/2018\/04\/Capture-d\u2019e\u0301cran-2018-04-28-a\u0300-19.33.12.png 1253w, https:\/\/www.sitem.fr\/wp-content\/uploads\/2018\/04\/Capture-d\u2019e\u0301cran-2018-04-28-a\u0300-19.33.12-600x323.png 600w, https:\/\/www.sitem.fr\/wp-content\/uploads\/2018\/04\/Capture-d\u2019e\u0301cran-2018-04-28-a\u0300-19.33.12-680x366.png 680w, https:\/\/www.sitem.fr\/wp-content\/uploads\/2018\/04\/Capture-d\u2019e\u0301cran-2018-04-28-a\u0300-19.33.12-1024x552.png 1024w, https:\/\/www.sitem.fr\/wp-content\/uploads\/2018\/04\/Capture-d\u2019e\u0301cran-2018-04-28-a\u0300-19.33.12-768x414.png 768w, https:\/\/www.sitem.fr\/wp-content\/uploads\/2018\/04\/Capture-d\u2019e\u0301cran-2018-04-28-a\u0300-19.33.12-300x162.png 300w\" sizes=\"auto, (max-width: 1253px) 100vw, 1253px\" \/><\/a><p id=\"caption-attachment-9957\" class=\"wp-caption-text\">Espace Dal\u00ec Paris \u00a9Studio Adeline Rispal<\/p><\/div>\n<p>Le <strong> Studio Adeline Rispal<\/strong> a conc\u0327u un dispositif d\u2019exposition particulie\u0300rement original pour valoriser a\u0300 la fois la sculpture et les oeuvres bidimensionnelles de l&#8217;artiste tout en s\u2019affranchissant des fortes contraintes du lieu.<br \/>\nLes nombreux poteaux de l&#8217;espace en sous-sol ont disparu dans quatre cimaises mobiles sur pivot qui permettent de re\u0301organiser l\u2019espace, de fluidifier les parcours de visite et de de\u0301multiplier les possibilite\u0301s d\u2019accrochage selon les expositions.<br \/>\nLes installations techniques en plafond ont e\u0301te\u0301 totalement re\u0301organise\u0301es pour rehausser les cimaises pe\u0301riphe\u0301riques jusqu\u2019a\u0300 une hauteur digne d\u2019une galerie d\u2019art (plus de 4 me\u0300tres),<br \/>\nEnfin, une nouvelle infrastructure d\u2019e\u0301clairage a e\u0301te\u0301 cre\u0301e\u0301e pour s&#8217;adapter ide\u0301alement aux oeuvres sculpte\u0301es comme a\u0300 la modularite\u0301 de l\u2019espace.<\/p>\n<div id=\"attachment_9958\" style=\"width: 1610px\" class=\"wp-caption aligncenter\"><a href=\"https:\/\/www.sitem.fr\/wp-content\/uploads\/2018\/04\/Capture-d\u2019e\u0301cran-2018-04-28-a\u0300-19.33.18.png\"><img loading=\"lazy\" decoding=\"async\" aria-describedby=\"caption-attachment-9958\" class=\"size-full wp-image-9958\" src=\"https:\/\/www.sitem.fr\/wp-content\/uploads\/2018\/04\/Capture-d\u2019e\u0301cran-2018-04-28-a\u0300-19.33.18.png\" alt=\"Cimaises pivotantes de l'Espace Dal\u00ec Paris \u00a9Studio Adeline Rispal\" width=\"1600\" height=\"273\" srcset=\"https:\/\/www.sitem.fr\/wp-content\/uploads\/2018\/04\/Capture-d\u2019e\u0301cran-2018-04-28-a\u0300-19.33.18.png 1600w, https:\/\/www.sitem.fr\/wp-content\/uploads\/2018\/04\/Capture-d\u2019e\u0301cran-2018-04-28-a\u0300-19.33.18-600x102.png 600w, https:\/\/www.sitem.fr\/wp-content\/uploads\/2018\/04\/Capture-d\u2019e\u0301cran-2018-04-28-a\u0300-19.33.18-300x51.png 300w, https:\/\/www.sitem.fr\/wp-content\/uploads\/2018\/04\/Capture-d\u2019e\u0301cran-2018-04-28-a\u0300-19.33.18-768x131.png 768w, https:\/\/www.sitem.fr\/wp-content\/uploads\/2018\/04\/Capture-d\u2019e\u0301cran-2018-04-28-a\u0300-19.33.18-1024x175.png 1024w\" sizes=\"auto, (max-width: 1600px) 100vw, 1600px\" \/><\/a><p id=\"caption-attachment-9958\" class=\"wp-caption-text\">Un dispositif d&#8217;exposition orignal : des cimaises pivotantes. Espace Dal\u00ec Paris \u00a9Studio Adeline Rispal<\/p><\/div>\n<p>Un nouvel espace, consacre\u0301 au collectionneur, e\u0301diteur et galeriste Beniamino LEVI, a e\u0301te\u0301 installe\u0301 sur la mezzanine comme un lieu d&#8217;introduction a\u0300 la visite de l\u2019exposition. Il surplombe la galerie de vente qui a e\u0301te\u0301 agrandie en sous-sol et autour de laquelle s\u2019enroule l\u2019espace d&#8217;exposition.<br \/>\nEnfin, une nouvelle galerie cre\u0301e\u0301e au rez-de-chausse\u0301e comple\u0300te ce dispositif comme une vitrine donnant sur la rue Poulbot.<\/p>\n<p>La sce\u0301nographie de l\u2019exposition inaugurale exploite toutes les nouvelles possibilite\u0301s de l\u2019espace pour valoriser une collection de renomme\u0301e mondiale a\u0300 travers le parcours de deux hommes exemplaires : Dali\u0301 et Levi. A\u0300 cette occasion, la signale\u0301tique relative a\u0300 la me\u0301diation culturelle de l&#8217;exposition a e\u0301te\u0301 conc\u0327ue en harmonie avec l\u2019espace par le graphiste Guillaume Ch\u00e9reau.<\/p>\n<\/div>\n<\/div>\n<\/div>\n<p style=\"text-align: justify;\"><a href=\"http:\/\/www.adelinerispal.com\/\" target=\"_blank\" rel=\"noopener\">www.adelinerispal.com<\/a><\/p>\n<p style=\"text-align: justify;\"><strong>Consultez la <a href=\"http:\/\/www.museumexperts.com\/nos_services\/annuaire\/prestataire\/1706\" target=\"_blank\" rel=\"noopener\">Fiche Annuaire<\/a> du STUDIO ADELINE RISPAL <\/strong><\/p>\n","protected":false},"excerpt":{"rendered":"Le Studio Adeline Rispal a pens\u00e9 un concept architectural et sc\u00e9nographique original et in\u00e9dit pour un lieu atypique : l&#8217;espace\u00a0DALI\u0301 PARIS. Les objectifs de la re\u0301novation architecturale et sce\u0301nographique \u00e9taient de\u00a0recentrer l\u2019offre culturelle et commerciale sur les activite\u0301s de Beniamino Levi, le plus grand collectionneur, e\u0301diteur et galeriste de l\u2019\u0153uvre sculpte\u0301e de DALI\u0301. &#8220;Situe\u0301 essentiellement&#8230; <br><a class=\"readm\" href=\"https:\/\/www.sitem.fr\/en\/studio-adeline-rispal-architecture-scenographie-espace-dali-paris\/\">Read more<\/a>","protected":false},"author":2,"featured_media":9957,"comment_status":"open","ping_status":"open","sticky":false,"template":"","format":"standard","meta":{"_acf_changed":false,"footnotes":""},"categories":[139],"tags":[54],"class_list":["post-9923","post","type-post","status-publish","format-standard","has-post-thumbnail","hentry","category-cloisons","tag-studio-adeline-rispal"],"acf":[],"_links":{"self":[{"href":"https:\/\/www.sitem.fr\/en\/wp-json\/wp\/v2\/posts\/9923","targetHints":{"allow":["GET"]}}],"collection":[{"href":"https:\/\/www.sitem.fr\/en\/wp-json\/wp\/v2\/posts"}],"about":[{"href":"https:\/\/www.sitem.fr\/en\/wp-json\/wp\/v2\/types\/post"}],"author":[{"embeddable":true,"href":"https:\/\/www.sitem.fr\/en\/wp-json\/wp\/v2\/users\/2"}],"replies":[{"embeddable":true,"href":"https:\/\/www.sitem.fr\/en\/wp-json\/wp\/v2\/comments?post=9923"}],"version-history":[{"count":6,"href":"https:\/\/www.sitem.fr\/en\/wp-json\/wp\/v2\/posts\/9923\/revisions"}],"predecessor-version":[{"id":9999,"href":"https:\/\/www.sitem.fr\/en\/wp-json\/wp\/v2\/posts\/9923\/revisions\/9999"}],"wp:featuredmedia":[{"embeddable":true,"href":"https:\/\/www.sitem.fr\/en\/wp-json\/wp\/v2\/media\/9957"}],"wp:attachment":[{"href":"https:\/\/www.sitem.fr\/en\/wp-json\/wp\/v2\/media?parent=9923"}],"wp:term":[{"taxonomy":"category","embeddable":true,"href":"https:\/\/www.sitem.fr\/en\/wp-json\/wp\/v2\/categories?post=9923"},{"taxonomy":"post_tag","embeddable":true,"href":"https:\/\/www.sitem.fr\/en\/wp-json\/wp\/v2\/tags?post=9923"}],"curies":[{"name":"wp","href":"https:\/\/api.w.org\/{rel}","templated":true}]}}