{"id":9933,"date":"2018-04-30T14:22:36","date_gmt":"2018-04-30T12:22:36","guid":{"rendered":"https:\/\/www.sitem.fr\/?p=9933"},"modified":"2018-05-06T14:12:17","modified_gmt":"2018-05-06T12:12:17","slug":"boscher-reamenagement-mediatheque-capucins-brest","status":"publish","type":"post","link":"https:\/\/www.sitem.fr\/en\/boscher-reamenagement-mediatheque-capucins-brest\/","title":{"rendered":"Boscher : r\u00e9am\u00e9nagement de la m\u00e9diath\u00e8que des Capucins de Brest"},"content":{"rendered":"<p style=\"text-align: justify;\">La m\u00e9diath\u00e8que des Capucins de Brest est situ\u00e9e dans un b\u00e2timent du XIX<sup>e<\/sup>\u00a0si\u00e8cle qui abritait les ateliers de m\u00e9canique de la <a href=\"https:\/\/fr.wikipedia.org\/wiki\/Marine_nationale_fran\u00e7aise\">marine nationale<\/a> dans le <a href=\"https:\/\/fr.wikipedia.org\/wiki\/Quartier_des_Capucins_(Brest)\">quartier des Capucins<\/a>.<br \/>\nDes machines autrefois situ\u00e9es dans les ateliers de m\u00e9canique ont \u00e9t\u00e9 int\u00e9gr\u00e9es dans l&#8217;espace de la m\u00e9diath\u00e8que : un four de l&#8217;atelier de chaudronnerie au rez-de-chauss\u00e9e pr\u00e8s de l&#8217;espace jeux et un pont roulant dans le hall d&#8217;entr\u00e9e.<br \/>\nL&#8217;espace, ouvert, sans portes ni cloisons, b\u00e9n\u00e9ficie de la lumi\u00e8re naturelle gr\u00e2ce \u00e0 des verri\u00e8res sur le toit.<\/p>\n<p style=\"text-align: justify;\">Le projet de r\u00e9am\u00e9nagement de la m\u00e9diath\u00e8que a d\u00e9but\u00e9 en 2010 et les travaux en 2014 sous la ma\u00eetrise d&#8217;\u0153uvre de Canal Architecture.<br \/>\n<span style=\"font-weight: 300;\"><strong>Boscher Signal\u00e9tique et Image<\/strong> a r\u00e9alis\u00e9 des panneaux muraux et suspendus (fix\u00e9s directement au plafond ou sur c\u00e2bles).<br \/>\n<\/span>Quatre enseignes sont \u00e9galement pos\u00e9es au sol servant de banc et une fl\u00e8che lumineuse.<br \/>\nCes enseignes sont compos\u00e9es d&#8217;une ossature en plat aluminium sur laquelle vient se fixer une t\u00f4le perfor\u00e9e. Les panneaux sont laqu\u00e9s\u00a0en blanc puis le texte s\u00e9rigraphi\u00e9 en couleur noire.<\/p>\n<p><a href=\"https:\/\/www.sitem.fr\/wp-content\/uploads\/2018\/04\/IMG_20180411_120935.jpg\"><img loading=\"lazy\" decoding=\"async\" class=\"aligncenter size-full wp-image-9899\" src=\"https:\/\/www.sitem.fr\/wp-content\/uploads\/2018\/04\/IMG_20180411_120935.jpg\" alt=\"m\u00e9diath\u00e8que capucins brest signal\u00e9tique boscher\" width=\"3968\" height=\"2976\" \/><\/a> <a href=\"https:\/\/www.sitem.fr\/wp-content\/uploads\/2018\/04\/IMG_20180410_153342.jpg\"><img loading=\"lazy\" decoding=\"async\" class=\"aligncenter size-full wp-image-9898\" src=\"https:\/\/www.sitem.fr\/wp-content\/uploads\/2018\/04\/IMG_20180410_153342.jpg\" alt=\"m\u00e9diath\u00e8que capucins brest signal\u00e9tique boscher\" width=\"2976\" height=\"3968\" \/><\/a> <a href=\"https:\/\/www.sitem.fr\/wp-content\/uploads\/2018\/04\/IMG_20180410_153150.jpg\"><img loading=\"lazy\" decoding=\"async\" class=\"aligncenter size-full wp-image-9897\" src=\"https:\/\/www.sitem.fr\/wp-content\/uploads\/2018\/04\/IMG_20180410_153150.jpg\" alt=\"m\u00e9diath\u00e8que capucins brest signal\u00e9tique boscher\" width=\"3968\" height=\"2976\" \/><\/a><\/p>\n<p>L\u00e9gendes et cr\u00e9dits des visuels : nouvelle signal\u00e9tique de la m\u00e9diath\u00e8que des Capucins de Brest par Boscher SIgnal\u00e9tique &amp; Image.\u00a0\u00a9Boscher Signal\u00e9tique &amp; Image.<\/p>\n<p style=\"text-align: justify;\"><a href=\"http:\/\/www.boscher.fr\">www.boscher.fr<\/a><\/p>\n<p style=\"text-align: justify;\"><strong>Consultez la <a href=\"http:\/\/www.museumexperts.com\/nos_services\/annuaire\/prestataire\/651\" target=\"_blank\" rel=\"noopener\">Fiche Annuaire<\/a> de Boscher Signal\u00e9tique et Image<\/strong><\/p>\n","protected":false},"excerpt":{"rendered":"La m\u00e9diath\u00e8que des Capucins de Brest est situ\u00e9e dans un b\u00e2timent du XIXe\u00a0si\u00e8cle qui abritait les ateliers de m\u00e9canique de la marine nationale dans le quartier des Capucins. Des machines autrefois situ\u00e9es dans les ateliers de m\u00e9canique ont \u00e9t\u00e9 int\u00e9gr\u00e9es dans l&#8217;espace de la m\u00e9diath\u00e8que : un four de l&#8217;atelier de chaudronnerie au rez-de-chauss\u00e9e pr\u00e8s&#8230; <br><a class=\"readm\" href=\"https:\/\/www.sitem.fr\/en\/boscher-reamenagement-mediatheque-capucins-brest\/\">Read more<\/a>","protected":false},"author":2,"featured_media":9898,"comment_status":"open","ping_status":"open","sticky":false,"template":"","format":"standard","meta":{"_acf_changed":false,"footnotes":""},"categories":[1],"tags":[18],"class_list":["post-9933","post","type-post","status-publish","format-standard","has-post-thumbnail","hentry","category-non-classifiee","tag-boscher"],"acf":[],"_links":{"self":[{"href":"https:\/\/www.sitem.fr\/en\/wp-json\/wp\/v2\/posts\/9933","targetHints":{"allow":["GET"]}}],"collection":[{"href":"https:\/\/www.sitem.fr\/en\/wp-json\/wp\/v2\/posts"}],"about":[{"href":"https:\/\/www.sitem.fr\/en\/wp-json\/wp\/v2\/types\/post"}],"author":[{"embeddable":true,"href":"https:\/\/www.sitem.fr\/en\/wp-json\/wp\/v2\/users\/2"}],"replies":[{"embeddable":true,"href":"https:\/\/www.sitem.fr\/en\/wp-json\/wp\/v2\/comments?post=9933"}],"version-history":[{"count":2,"href":"https:\/\/www.sitem.fr\/en\/wp-json\/wp\/v2\/posts\/9933\/revisions"}],"predecessor-version":[{"id":9981,"href":"https:\/\/www.sitem.fr\/en\/wp-json\/wp\/v2\/posts\/9933\/revisions\/9981"}],"wp:featuredmedia":[{"embeddable":true,"href":"https:\/\/www.sitem.fr\/en\/wp-json\/wp\/v2\/media\/9898"}],"wp:attachment":[{"href":"https:\/\/www.sitem.fr\/en\/wp-json\/wp\/v2\/media?parent=9933"}],"wp:term":[{"taxonomy":"category","embeddable":true,"href":"https:\/\/www.sitem.fr\/en\/wp-json\/wp\/v2\/categories?post=9933"},{"taxonomy":"post_tag","embeddable":true,"href":"https:\/\/www.sitem.fr\/en\/wp-json\/wp\/v2\/tags?post=9933"}],"curies":[{"name":"wp","href":"https:\/\/api.w.org\/{rel}","templated":true}]}}