{"id":9937,"date":"2018-04-30T14:26:17","date_gmt":"2018-04-30T12:26:17","guid":{"rendered":"https:\/\/www.sitem.fr\/?p=9937"},"modified":"2018-05-06T14:12:44","modified_gmt":"2018-05-06T12:12:44","slug":"mba-france-cloisons-mila-wall-musee-art-contemporain-belgrade","status":"publish","type":"post","link":"https:\/\/www.sitem.fr\/en\/mba-france-cloisons-mila-wall-musee-art-contemporain-belgrade\/","title":{"rendered":"MBA France \u00e9quipe le mus\u00e9e d&#8217;art contemporain de Belgrade de ses cloisons Mila-Wall"},"content":{"rendered":"<p style=\"text-align: justify;\">Le Mus\u00e9e d&#8217;art contemporain de Belgrade a rouvert ses portes en octobre 2017.<br \/>\nLe mus\u00e9e, fond\u00e9 en 1958, \u00e9tait ferm\u00e9 aux visiteurs depuis 10 ans. Des r\u00e9novations qui ont tra\u00een\u00e9 pendant des ann\u00e9es et de nombreux scandales de corruption ont retard\u00e9 l&#8217;ach\u00e8vement du temps de travail.<br \/>\nDans un premier temps, le toit a \u00e9t\u00e9 r\u00e9nov\u00e9 et dans les salles du sous-sol du d\u00e9p\u00f4t du mus\u00e9e, des ateliers, des ateliers, des ateliers de conservation et des ateliers de restauration ont \u00e9t\u00e9 r\u00e9nov\u00e9s.<br \/>\nDans la phase finale de la conversion, l&#8217;int\u00e9rieur a \u00e9t\u00e9 compl\u00e8tement redessin\u00e9.<\/p>\n<p style=\"text-align: justify;\">La lumi\u00e8re du jour entre dans l&#8217;espace d&#8217;exposition au travers\u00a0du vitrage de certains murs lat\u00e9raux et du toit, qui est divis\u00e9 en plusieurs niveaux sans cloisons internes.<br \/>\nLes mezzanines, les niveaux interm\u00e9diaires avec diff\u00e9rentes hauteurs de plafond et la vue panoramique vers l&#8217;ext\u00e9rieur donnent \u00e0 la pi\u00e8ce une atmosph\u00e8re tr\u00e8s a\u00e9r\u00e9e et ouverte.<br \/>\nMBA France y a install\u00e9 le nouveau syst\u00e8me de mur modulaire : les cloisons Mila-wall sont parfaitement adapt\u00e9es \u00e0 l&#8217;esth\u00e9tique puriste du lieu. Les possibilit\u00e9s d&#8217;application durables et flexibles pour la pr\u00e9sentation de peintures, sculptures, multim\u00e9dia rendent possibles la cr\u00e9ation de nouveaux espaces selon les besoins.<\/p>\n<p><a href=\"https:\/\/www.sitem.fr\/wp-content\/uploads\/2018\/04\/belgrad-3.jpg\"><img loading=\"lazy\" decoding=\"async\" class=\"aligncenter size-full wp-image-9902\" src=\"https:\/\/www.sitem.fr\/wp-content\/uploads\/2018\/04\/belgrad-3.jpg\" alt=\"cloisons mba mus\u00e9e art contemporain belgrade\" width=\"520\" height=\"347\" srcset=\"https:\/\/www.sitem.fr\/wp-content\/uploads\/2018\/04\/belgrad-3.jpg 520w, https:\/\/www.sitem.fr\/wp-content\/uploads\/2018\/04\/belgrad-3-300x200.jpg 300w\" sizes=\"auto, (max-width: 520px) 100vw, 520px\" \/><\/a> <a href=\"https:\/\/www.sitem.fr\/wp-content\/uploads\/2018\/04\/belgrad-2.jpg\"><img loading=\"lazy\" decoding=\"async\" class=\"aligncenter size-full wp-image-9901\" src=\"https:\/\/www.sitem.fr\/wp-content\/uploads\/2018\/04\/belgrad-2.jpg\" alt=\"cloisons mba mus\u00e9e art contemporain belgrade\" width=\"520\" height=\"347\" srcset=\"https:\/\/www.sitem.fr\/wp-content\/uploads\/2018\/04\/belgrad-2.jpg 520w, https:\/\/www.sitem.fr\/wp-content\/uploads\/2018\/04\/belgrad-2-300x200.jpg 300w\" sizes=\"auto, (max-width: 520px) 100vw, 520px\" \/><\/a><\/p>\n<p style=\"text-align: justify;\">Apr\u00e8s 10 ans de conservation dans la vo\u00fbte de la Banque nationale, les quelque 8 000 \u0153uvres d&#8217;art du mus\u00e9e sont de nouveau ouvertes au public : la premi\u00e8re semaine apr\u00e8s son ouverture, le Mus\u00e9e d&#8217;art contemporain de Belgrade \u00e9tait ouvert gratuitement pendant sept jours et sept nuits.<br \/>\n&#8220;Nous laissons dix ans derri\u00e8re nous et nous nous tournons vers un avenir meilleur&#8221;\u00a0 commente Slobodan Nakarada, le Directeur du mus\u00e9e.<\/p>\n<p>L\u00e9gendes et cr\u00e9dits des visuels : cloisons MBA France au Mus\u00e9e d&#8217;art contemporain de Belgrade.\u00a0\u00a9MBA France.<\/p>\n<p style=\"text-align: justify;\"><a href=\"http:\/\/www.mba-france.fr\" target=\"_blank\" rel=\"noopener\">www.mba-france.fr<\/a><\/p>\n<p style=\"text-align: justify;\"><strong>Consultez la <a href=\"http:\/\/www.museumexperts.com\/nos_services\/annuaire\/prestataire\/1442\" target=\"_blank\" rel=\"noopener\">Fiche Annuaire<\/a> de MBA FRANCE <\/strong><\/p>\n","protected":false},"excerpt":{"rendered":"Le Mus\u00e9e d&#8217;art contemporain de Belgrade a rouvert ses portes en octobre 2017. Le mus\u00e9e, fond\u00e9 en 1958, \u00e9tait ferm\u00e9 aux visiteurs depuis 10 ans. Des r\u00e9novations qui ont tra\u00een\u00e9 pendant des ann\u00e9es et de nombreux scandales de corruption ont retard\u00e9 l&#8217;ach\u00e8vement du temps de travail. Dans un premier temps, le toit a \u00e9t\u00e9 r\u00e9nov\u00e9&#8230; <br><a class=\"readm\" href=\"https:\/\/www.sitem.fr\/en\/mba-france-cloisons-mila-wall-musee-art-contemporain-belgrade\/\">Read more<\/a>","protected":false},"author":2,"featured_media":9902,"comment_status":"open","ping_status":"open","sticky":false,"template":"","format":"standard","meta":{"_acf_changed":false,"footnotes":""},"categories":[139],"tags":[14],"class_list":["post-9937","post","type-post","status-publish","format-standard","has-post-thumbnail","hentry","category-cloisons","tag-mba-france"],"acf":[],"_links":{"self":[{"href":"https:\/\/www.sitem.fr\/en\/wp-json\/wp\/v2\/posts\/9937","targetHints":{"allow":["GET"]}}],"collection":[{"href":"https:\/\/www.sitem.fr\/en\/wp-json\/wp\/v2\/posts"}],"about":[{"href":"https:\/\/www.sitem.fr\/en\/wp-json\/wp\/v2\/types\/post"}],"author":[{"embeddable":true,"href":"https:\/\/www.sitem.fr\/en\/wp-json\/wp\/v2\/users\/2"}],"replies":[{"embeddable":true,"href":"https:\/\/www.sitem.fr\/en\/wp-json\/wp\/v2\/comments?post=9937"}],"version-history":[{"count":2,"href":"https:\/\/www.sitem.fr\/en\/wp-json\/wp\/v2\/posts\/9937\/revisions"}],"predecessor-version":[{"id":9978,"href":"https:\/\/www.sitem.fr\/en\/wp-json\/wp\/v2\/posts\/9937\/revisions\/9978"}],"wp:featuredmedia":[{"embeddable":true,"href":"https:\/\/www.sitem.fr\/en\/wp-json\/wp\/v2\/media\/9902"}],"wp:attachment":[{"href":"https:\/\/www.sitem.fr\/en\/wp-json\/wp\/v2\/media?parent=9937"}],"wp:term":[{"taxonomy":"category","embeddable":true,"href":"https:\/\/www.sitem.fr\/en\/wp-json\/wp\/v2\/categories?post=9937"},{"taxonomy":"post_tag","embeddable":true,"href":"https:\/\/www.sitem.fr\/en\/wp-json\/wp\/v2\/tags?post=9937"}],"curies":[{"name":"wp","href":"https:\/\/api.w.org\/{rel}","templated":true}]}}