{"id":9941,"date":"2018-04-30T14:13:40","date_gmt":"2018-04-30T12:13:40","guid":{"rendered":"https:\/\/www.sitem.fr\/?p=9941"},"modified":"2018-05-06T14:14:10","modified_gmt":"2018-05-06T12:14:10","slug":"signaletique-pic-bois-congres-international-easl","status":"publish","type":"post","link":"https:\/\/www.sitem.fr\/en\/signaletique-pic-bois-congres-international-easl\/","title":{"rendered":"Du sur-mesure sign\u00e9 PIC BOIS pour le congr\u00e8s international EASL"},"content":{"rendered":"<p style=\"text-align: justify;\">La solution d&#8217;am\u00e9nagement d&#8217;espaces \u00e9v\u00e9nementiels, propos\u00e9e par Eph\u00e9m\u00e8re square, s\u2019adapte avec justesse aux besoins en communication de ses clients.<\/p>\n<p style=\"text-align: justify;\">Dans le cadre du congr\u00e8s annuel organis\u00e9 par EASL, \u00ab\u00a0the International Liver Congress&#x2122; 2018\u00a0\u00bb, le fabricant <strong>PIC BOIS<\/strong> a r\u00e9alis\u00e9 quelques \u00e9l\u00e9ments de personnalisation\u00a0:<\/p>\n<ul style=\"text-align: justify;\">\n<li>d\u00e8s l\u2019accueil, des lettres d\u00e9coup\u00e9es de 1m40 de hauteur forment le hashtag #EASL, d\u2019une longueur de 5m50,<\/li>\n<li>des assises de formes hexagonales rappellent la charte graphique de l\u2019organisateur,<\/li>\n<li>les logos des r\u00e9seaux sociaux Facebook, Twitter et LinkedIn, ont d\u00e9cor\u00e9 le \u00ab\u00a0social media bar\u00a0\u00bb, espace de d\u00e9tente o\u00f9 les participants sont invit\u00e9s \u00e0 partager et tweeter\u2026 en l\u2019\u00e9change d\u2019un caf\u00e9.<\/li>\n<\/ul>\n<div id=\"attachment_9906\" style=\"width: 810px\" class=\"wp-caption aligncenter\"><a href=\"https:\/\/www.sitem.fr\/wp-content\/uploads\/2018\/04\/lettres-decoupees-hashtag-EASL-congres.jpg\"><img loading=\"lazy\" decoding=\"async\" aria-describedby=\"caption-attachment-9906\" class=\"size-full wp-image-9906\" src=\"https:\/\/www.sitem.fr\/wp-content\/uploads\/2018\/04\/lettres-decoupees-hashtag-EASL-congres.jpg\" alt=\"Lettres d\u00e9coup\u00e9es #EASL. \u00a9PIC BOIS\" width=\"800\" height=\"450\" srcset=\"https:\/\/www.sitem.fr\/wp-content\/uploads\/2018\/04\/lettres-decoupees-hashtag-EASL-congres.jpg 800w, https:\/\/www.sitem.fr\/wp-content\/uploads\/2018\/04\/lettres-decoupees-hashtag-EASL-congres-600x338.jpg 600w, https:\/\/www.sitem.fr\/wp-content\/uploads\/2018\/04\/lettres-decoupees-hashtag-EASL-congres-680x383.jpg 680w, https:\/\/www.sitem.fr\/wp-content\/uploads\/2018\/04\/lettres-decoupees-hashtag-EASL-congres-768x432.jpg 768w, https:\/\/www.sitem.fr\/wp-content\/uploads\/2018\/04\/lettres-decoupees-hashtag-EASL-congres-300x169.jpg 300w\" sizes=\"auto, (max-width: 800px) 100vw, 800px\" \/><\/a><p id=\"caption-attachment-9906\" class=\"wp-caption-text\">Lettres d\u00e9coup\u00e9es #EASL. \u00a9PIC BOIS<\/p><\/div>\n<div id=\"attachment_9907\" style=\"width: 810px\" class=\"wp-caption aligncenter\"><a href=\"https:\/\/www.sitem.fr\/wp-content\/uploads\/2018\/04\/logos-reseaux-sociaux-credit-photo-les-lucioles.jpg\"><img loading=\"lazy\" decoding=\"async\" aria-describedby=\"caption-attachment-9907\" class=\"size-full wp-image-9907\" src=\"https:\/\/www.sitem.fr\/wp-content\/uploads\/2018\/04\/logos-reseaux-sociaux-credit-photo-les-lucioles.jpg\" alt=\"EASL ILC 2018 \u00a9Les Lucioles\" width=\"800\" height=\"450\" srcset=\"https:\/\/www.sitem.fr\/wp-content\/uploads\/2018\/04\/logos-reseaux-sociaux-credit-photo-les-lucioles.jpg 800w, https:\/\/www.sitem.fr\/wp-content\/uploads\/2018\/04\/logos-reseaux-sociaux-credit-photo-les-lucioles-600x338.jpg 600w, https:\/\/www.sitem.fr\/wp-content\/uploads\/2018\/04\/logos-reseaux-sociaux-credit-photo-les-lucioles-300x169.jpg 300w, https:\/\/www.sitem.fr\/wp-content\/uploads\/2018\/04\/logos-reseaux-sociaux-credit-photo-les-lucioles-768x432.jpg 768w\" sizes=\"auto, (max-width: 800px) 100vw, 800px\" \/><\/a><p id=\"caption-attachment-9907\" class=\"wp-caption-text\">EASL ILC 2018 \u00a9Les Lucioles<\/p><\/div>\n<div id=\"attachment_9908\" style=\"width: 810px\" class=\"wp-caption aligncenter\"><a href=\"https:\/\/www.sitem.fr\/wp-content\/uploads\/2018\/04\/logos-reseaux-sociaux.jpg\"><img loading=\"lazy\" decoding=\"async\" aria-describedby=\"caption-attachment-9908\" class=\"size-full wp-image-9908\" src=\"https:\/\/www.sitem.fr\/wp-content\/uploads\/2018\/04\/logos-reseaux-sociaux.jpg\" alt=\"Logos r\u00e9seaux sociaux pour l'EASL. \u00a9PIC BOIS\" width=\"800\" height=\"450\" srcset=\"https:\/\/www.sitem.fr\/wp-content\/uploads\/2018\/04\/logos-reseaux-sociaux.jpg 800w, https:\/\/www.sitem.fr\/wp-content\/uploads\/2018\/04\/logos-reseaux-sociaux-600x338.jpg 600w, https:\/\/www.sitem.fr\/wp-content\/uploads\/2018\/04\/logos-reseaux-sociaux-300x169.jpg 300w, https:\/\/www.sitem.fr\/wp-content\/uploads\/2018\/04\/logos-reseaux-sociaux-768x432.jpg 768w\" sizes=\"auto, (max-width: 800px) 100vw, 800px\" \/><\/a><p id=\"caption-attachment-9908\" class=\"wp-caption-text\">Logos r\u00e9seaux sociaux pour l&#8217;EASL. \u00a9PIC BOIS<\/p><\/div>\n<p style=\"text-align: justify;\">Un concept original au service d\u2019un objectif\u00a0moderne : mettre en avant la pr\u00e9sence d\u2019EASL sur les r\u00e9seaux sociaux.<br \/>\nLes r\u00e9alisations de <strong>PIC BOIS<\/strong> pour cet \u00e9v\u00e9nement ont contribu\u00e9 \u00e0 faire de cet objectif un pari r\u00e9ussi.<\/p>\n<p style=\"text-align: justify;\">Ma\u00eetre d\u2019ouvrage\u00a0: EASL, The Home of Hepatology.<br \/>\nMa\u00eetre d\u2019\u0153uvre\u00a0: <a href=\"https:\/\/www.ephemeresquare.com\/\">Eph\u00e9m\u00e8re Square<\/a>, stands modulables et \u00e9co-responsables.<\/p>\n<p style=\"text-align: justify;\"><a href=\"https:\/\/www.pic-bois.com\/produits\/references\/congres-scientifique-et-medical-easl-a-paris-383.html\" target=\"_blank\" rel=\"noopener\">www.pic-bois.com<\/a><\/p>\n<p style=\"text-align: justify;\">Consultez la <a href=\"http:\/\/www.museumexperts.com\/nos_services\/annuaire\/prestataire\/4921\" target=\"_blank\" rel=\"noopener\">Fiche Annuaire<\/a> de PIC BOIS<\/p>\n","protected":false},"excerpt":{"rendered":"La solution d&#8217;am\u00e9nagement d&#8217;espaces \u00e9v\u00e9nementiels, propos\u00e9e par Eph\u00e9m\u00e8re square, s\u2019adapte avec justesse aux besoins en communication de ses clients. Dans le cadre du congr\u00e8s annuel organis\u00e9 par EASL, \u00ab\u00a0the International Liver Congress&#x2122; 2018\u00a0\u00bb, le fabricant PIC BOIS a r\u00e9alis\u00e9 quelques \u00e9l\u00e9ments de personnalisation\u00a0: d\u00e8s l\u2019accueil, des lettres d\u00e9coup\u00e9es de 1m40 de hauteur forment le hashtag&#8230; <br><a class=\"readm\" href=\"https:\/\/www.sitem.fr\/en\/signaletique-pic-bois-congres-international-easl\/\">Read more<\/a>","protected":false},"author":2,"featured_media":9906,"comment_status":"open","ping_status":"open","sticky":false,"template":"","format":"standard","meta":{"_acf_changed":false,"footnotes":""},"categories":[144],"tags":[496],"class_list":["post-9941","post","type-post","status-publish","format-standard","has-post-thumbnail","hentry","category-mobilier","tag-pic-bois"],"acf":[],"_links":{"self":[{"href":"https:\/\/www.sitem.fr\/en\/wp-json\/wp\/v2\/posts\/9941","targetHints":{"allow":["GET"]}}],"collection":[{"href":"https:\/\/www.sitem.fr\/en\/wp-json\/wp\/v2\/posts"}],"about":[{"href":"https:\/\/www.sitem.fr\/en\/wp-json\/wp\/v2\/types\/post"}],"author":[{"embeddable":true,"href":"https:\/\/www.sitem.fr\/en\/wp-json\/wp\/v2\/users\/2"}],"replies":[{"embeddable":true,"href":"https:\/\/www.sitem.fr\/en\/wp-json\/wp\/v2\/comments?post=9941"}],"version-history":[{"count":3,"href":"https:\/\/www.sitem.fr\/en\/wp-json\/wp\/v2\/posts\/9941\/revisions"}],"predecessor-version":[{"id":10126,"href":"https:\/\/www.sitem.fr\/en\/wp-json\/wp\/v2\/posts\/9941\/revisions\/10126"}],"wp:featuredmedia":[{"embeddable":true,"href":"https:\/\/www.sitem.fr\/en\/wp-json\/wp\/v2\/media\/9906"}],"wp:attachment":[{"href":"https:\/\/www.sitem.fr\/en\/wp-json\/wp\/v2\/media?parent=9941"}],"wp:term":[{"taxonomy":"category","embeddable":true,"href":"https:\/\/www.sitem.fr\/en\/wp-json\/wp\/v2\/categories?post=9941"},{"taxonomy":"post_tag","embeddable":true,"href":"https:\/\/www.sitem.fr\/en\/wp-json\/wp\/v2\/tags?post=9941"}],"curies":[{"name":"wp","href":"https:\/\/api.w.org\/{rel}","templated":true}]}}