{"id":9949,"date":"2018-04-30T14:27:26","date_gmt":"2018-04-30T12:27:26","guid":{"rendered":"https:\/\/www.sitem.fr\/?p=9949"},"modified":"2018-05-06T14:15:36","modified_gmt":"2018-05-06T12:15:36","slug":"sound4museum-sonorisation-exposition-albert-monier-museum-aurillac","status":"publish","type":"post","link":"https:\/\/www.sitem.fr\/en\/sound4museum-sonorisation-exposition-albert-monier-museum-aurillac\/","title":{"rendered":"Sound 4 Museum : sonorisation de l&#8217;exposition &#8220;Empreintes et Paysages&#8221; : l&#8217;Auvergne d&#8217;Albert Monier, au Museum des Volcans d&#8217;Aurillac"},"content":{"rendered":"<p style=\"text-align: justify;\">Jusqu&#8217;au mois de janvier 2019 le Museum des Volcans de la ville d&#8217;Aurillac met en sc\u00e8ne 42 photographies d&#8217;Albert Monier, c\u00e9l\u00e8bre pour ses cartes postales en noir et blanc de Paris.<\/p>\n<p style=\"text-align: justify;\">Originaire du Cantal, Albert Monier a toujours cultiv\u00e9 un amour profond pour cette r\u00e9gion et nombre de ses clich\u00e9s en ont immortalis\u00e9 les paysages et les hommes.<br \/>\nVingt ans apr\u00e8s sa mort, le Museum livre un t\u00e9moignage rare de ce que fut et est peut-\u00eatre encore l&#8217;Auvergne, un voyage \u00e0 travers le temps \u00e0 mi-chemin entre la sensibilit\u00e9 de l&#8217;artiste et le point de vue scientifique du mus\u00e9e sur l&#8217;\u00e9volution des paysages.<\/p>\n<div id=\"attachment_9914\" style=\"width: 810px\" class=\"wp-caption aligncenter\"><a href=\"https:\/\/www.sitem.fr\/wp-content\/uploads\/2018\/04\/Les-faucheurs-\u00a9-Albert-Monier-detail.jpg\"><img loading=\"lazy\" decoding=\"async\" aria-describedby=\"caption-attachment-9914\" class=\"size-full wp-image-9914\" src=\"https:\/\/www.sitem.fr\/wp-content\/uploads\/2018\/04\/Les-faucheurs-\u00a9-Albert-Monier-detail.jpg\" alt=\"D\u00e9tail de &quot;Les Faucheurs&quot; \u00a9 Albert Monier \/ Mus\u00e9es d'Aurillac\" width=\"800\" height=\"565\" srcset=\"https:\/\/www.sitem.fr\/wp-content\/uploads\/2018\/04\/Les-faucheurs-\u00a9-Albert-Monier-detail.jpg 800w, https:\/\/www.sitem.fr\/wp-content\/uploads\/2018\/04\/Les-faucheurs-\u00a9-Albert-Monier-detail-600x424.jpg 600w, https:\/\/www.sitem.fr\/wp-content\/uploads\/2018\/04\/Les-faucheurs-\u00a9-Albert-Monier-detail-623x440.jpg 623w, https:\/\/www.sitem.fr\/wp-content\/uploads\/2018\/04\/Les-faucheurs-\u00a9-Albert-Monier-detail-768x542.jpg 768w, https:\/\/www.sitem.fr\/wp-content\/uploads\/2018\/04\/Les-faucheurs-\u00a9-Albert-Monier-detail-300x212.jpg 300w\" sizes=\"auto, (max-width: 800px) 100vw, 800px\" \/><\/a><p id=\"caption-attachment-9914\" class=\"wp-caption-text\">D\u00e9tail de &#8220;Les Faucheurs&#8221; \u00a9 Albert Monier \/ Mus\u00e9es d&#8217;Aurillac<\/p><\/div>\n<p style=\"text-align: justify;\">La sonorisation de l&#8217;exposition, confi\u00e9e \u00e0 <strong>Sound 4 Museum<\/strong>, a \u00e9t\u00e9 con\u00e7ue \u00e0 la fois comme un parcours sonore et un bain immersif plongeant le visiteur au coeur des univers fix\u00e9s par le photographe.<br \/>\nLes paysages sonores rencontrent les paysages photographi\u00e9s et se recomposent en fonction des points d&#8217;\u00e9coute adopt\u00e9s. Quatre bandes sons diffus\u00e9es \u00e0 diff\u00e9rents endroits de la salle d&#8217;exposition, au gr\u00e9 des passages, permettent \u00e0 la fois de faire des focus et de profiter de panoramas sonores fa\u00e7on grand angle.<br \/>\nLes sons suivent ponctuellement les visiteurs avant de se m\u00e9langer aux autres pour rappeler le son de l&#8217;Auvergne d&#8217;autrefois.<\/p>\n<p style=\"text-align: justify;\">Image :\u00a0 D\u00e9tail de &#8220;Les Faucheurs&#8221; \u00a9 Albert Monier\/ Mus\u00e9es d&#8217;Aurillac<\/p>\n<p style=\"text-align: justify;\"><a href=\"http:\/\/www.sound4museum.com\" target=\"_blank\" rel=\"noopener\">www.sound4museum.com<\/a><\/p>\n<p style=\"text-align: justify;\"><strong>Consultez la <a href=\"http:\/\/www.museumexperts.com\/nos_services\/annuaire\/prestataire\/3752\" target=\"_blank\" rel=\"noopener\">Fiche Annuaire<\/a> de SOUND 4 MUSEUM<\/strong><\/p>\n","protected":false},"excerpt":{"rendered":"Jusqu&#8217;au mois de janvier 2019 le Museum des Volcans de la ville d&#8217;Aurillac met en sc\u00e8ne 42 photographies d&#8217;Albert Monier, c\u00e9l\u00e8bre pour ses cartes postales en noir et blanc de Paris. Originaire du Cantal, Albert Monier a toujours cultiv\u00e9 un amour profond pour cette r\u00e9gion et nombre de ses clich\u00e9s en ont immortalis\u00e9 les paysages&#8230; <br><a class=\"readm\" href=\"https:\/\/www.sitem.fr\/en\/sound4museum-sonorisation-exposition-albert-monier-museum-aurillac\/\">Read more<\/a>","protected":false},"author":2,"featured_media":9914,"comment_status":"open","ping_status":"open","sticky":false,"template":"","format":"standard","meta":{"_acf_changed":false,"footnotes":""},"categories":[154],"tags":[119],"class_list":["post-9949","post","type-post","status-publish","format-standard","has-post-thumbnail","hentry","category-son-2","tag-sound-4-museum"],"acf":[],"_links":{"self":[{"href":"https:\/\/www.sitem.fr\/en\/wp-json\/wp\/v2\/posts\/9949","targetHints":{"allow":["GET"]}}],"collection":[{"href":"https:\/\/www.sitem.fr\/en\/wp-json\/wp\/v2\/posts"}],"about":[{"href":"https:\/\/www.sitem.fr\/en\/wp-json\/wp\/v2\/types\/post"}],"author":[{"embeddable":true,"href":"https:\/\/www.sitem.fr\/en\/wp-json\/wp\/v2\/users\/2"}],"replies":[{"embeddable":true,"href":"https:\/\/www.sitem.fr\/en\/wp-json\/wp\/v2\/comments?post=9949"}],"version-history":[{"count":3,"href":"https:\/\/www.sitem.fr\/en\/wp-json\/wp\/v2\/posts\/9949\/revisions"}],"predecessor-version":[{"id":9969,"href":"https:\/\/www.sitem.fr\/en\/wp-json\/wp\/v2\/posts\/9949\/revisions\/9969"}],"wp:featuredmedia":[{"embeddable":true,"href":"https:\/\/www.sitem.fr\/en\/wp-json\/wp\/v2\/media\/9914"}],"wp:attachment":[{"href":"https:\/\/www.sitem.fr\/en\/wp-json\/wp\/v2\/media?parent=9949"}],"wp:term":[{"taxonomy":"category","embeddable":true,"href":"https:\/\/www.sitem.fr\/en\/wp-json\/wp\/v2\/categories?post=9949"},{"taxonomy":"post_tag","embeddable":true,"href":"https:\/\/www.sitem.fr\/en\/wp-json\/wp\/v2\/tags?post=9949"}],"curies":[{"name":"wp","href":"https:\/\/api.w.org\/{rel}","templated":true}]}}